{"id":1028,"date":"2017-04-13T12:04:45","date_gmt":"2017-04-13T09:04:45","guid":{"rendered":"http:\/\/joelahtmemkk.ee\/?p=1028"},"modified":"2017-04-13T12:05:43","modified_gmt":"2017-04-13T09:05:43","slug":"regionaalne-akordionikonkurss","status":"publish","type":"post","link":"http:\/\/joelahtmemkk.ee\/?p=1028","title":{"rendered":"Regionaalne akordionikonkurss"},"content":{"rendered":"<p>01.04.2017 toimunud regionaalsel akordionikonkursil<\/p>\n<p><strong>,,Parim noor instrumentalist 2017\u2019\u2019 <\/strong>Viimsi Muusikakoolis osales J\u00f5el\u00e4htme MKK\u2019st\u00a0<strong>Emma Victoria Talvik <\/strong>(\u00f5p. Eve Vendt).<\/p>\n<p>13-14 aastaste vanusegrupis saavutas Emma Victoria Talvik 3. koha!<\/p>\n<p>\u00d5nnitleme Emma Victoriat ja \u00f5p. Eve Vendti!<\/p>\n","protected":false},"excerpt":{"rendered":"<p>01.04.2017 toimunud regionaalsel akordionikonkursil ,,Parim noor instrumentalist 2017\u2019\u2019 Viimsi Muusikakoolis osales J\u00f5el\u00e4htme MKK\u2019st\u00a0Emma Victoria Talvik (\u00f5p. Eve Vendt). 13-14 aastaste vanusegrupis saavutas Emma Victoria Talvik 3. koha! \u00d5nnitleme Emma Victoriat ja \u00f5p. Eve Vendti!<\/p>\n","protected":false},"author":3,"featured_media":0,"comment_status":"closed","ping_status":"closed","sticky":false,"template":"","format":"standard","meta":{"footnotes":""},"categories":[1],"tags":[],"class_list":["post-1028","post","type-post","status-publish","format-standard","hentry","category-maaratlemata"],"_links":{"self":[{"href":"http:\/\/joelahtmemkk.ee\/index.php?rest_route=\/wp\/v2\/posts\/1028","targetHints":{"allow":["GET"]}}],"collection":[{"href":"http:\/\/joelahtmemkk.ee\/index.php?rest_route=\/wp\/v2\/posts"}],"about":[{"href":"http:\/\/joelahtmemkk.ee\/index.php?rest_route=\/wp\/v2\/types\/post"}],"author":[{"embeddable":true,"href":"http:\/\/joelahtmemkk.ee\/index.php?rest_route=\/wp\/v2\/users\/3"}],"replies":[{"embeddable":true,"href":"http:\/\/joelahtmemkk.ee\/index.php?rest_route=%2Fwp%2Fv2%2Fcomments&post=1028"}],"version-history":[{"count":3,"href":"http:\/\/joelahtmemkk.ee\/index.php?rest_route=\/wp\/v2\/posts\/1028\/revisions"}],"predecessor-version":[{"id":1031,"href":"http:\/\/joelahtmemkk.ee\/index.php?rest_route=\/wp\/v2\/posts\/1028\/revisions\/1031"}],"wp:attachment":[{"href":"http:\/\/joelahtmemkk.ee\/index.php?rest_route=%2Fwp%2Fv2%2Fmedia&parent=1028"}],"wp:term":[{"taxonomy":"category","embeddable":true,"href":"http:\/\/joelahtmemkk.ee\/index.php?rest_route=%2Fwp%2Fv2%2Fcategories&post=1028"},{"taxonomy":"post_tag","embeddable":true,"href":"http:\/\/joelahtmemkk.ee\/index.php?rest_route=%2Fwp%2Fv2%2Ftags&post=1028"}],"curies":[{"name":"wp","href":"https:\/\/api.w.org\/{rel}","templated":true}]}}