{"id":1147,"date":"2017-11-20T16:39:33","date_gmt":"2017-11-20T14:39:33","guid":{"rendered":"http:\/\/joelahtmemkk.ee\/?p=1147"},"modified":"2017-11-20T16:40:20","modified_gmt":"2017-11-20T14:40:20","slug":"eesti-vabariik-100-kontserdid-meil-aiaaarne-tanavas","status":"publish","type":"post","link":"http:\/\/joelahtmemkk.ee\/?p=1147","title":{"rendered":"Eesti Vabariik 100 kontserdid  &#8221; Meil aia\u00e4\u00e4rne t\u00e4navas&#8230;&#8221;"},"content":{"rendered":"<p>22. novembril kell 16.00 Kostivere Kultuurim\u00f5isas<\/p>\n<p>23. novembril kell 18.00 Neeme kooli saalis<\/p>\n<p>24. novembril kell 18.00 Loo Kultuurikeskuse A-saalis<\/p>\n","protected":false},"excerpt":{"rendered":"<p>22. novembril kell 16.00 Kostivere Kultuurim\u00f5isas 23. novembril kell 18.00 Neeme kooli saalis 24. novembril kell 18.00 Loo Kultuurikeskuse A-saalis<\/p>\n","protected":false},"author":4,"featured_media":0,"comment_status":"closed","ping_status":"closed","sticky":false,"template":"","format":"standard","meta":{"footnotes":""},"categories":[1],"tags":[],"class_list":["post-1147","post","type-post","status-publish","format-standard","hentry","category-maaratlemata"],"_links":{"self":[{"href":"http:\/\/joelahtmemkk.ee\/index.php?rest_route=\/wp\/v2\/posts\/1147","targetHints":{"allow":["GET"]}}],"collection":[{"href":"http:\/\/joelahtmemkk.ee\/index.php?rest_route=\/wp\/v2\/posts"}],"about":[{"href":"http:\/\/joelahtmemkk.ee\/index.php?rest_route=\/wp\/v2\/types\/post"}],"author":[{"embeddable":true,"href":"http:\/\/joelahtmemkk.ee\/index.php?rest_route=\/wp\/v2\/users\/4"}],"replies":[{"embeddable":true,"href":"http:\/\/joelahtmemkk.ee\/index.php?rest_route=%2Fwp%2Fv2%2Fcomments&post=1147"}],"version-history":[{"count":1,"href":"http:\/\/joelahtmemkk.ee\/index.php?rest_route=\/wp\/v2\/posts\/1147\/revisions"}],"predecessor-version":[{"id":1148,"href":"http:\/\/joelahtmemkk.ee\/index.php?rest_route=\/wp\/v2\/posts\/1147\/revisions\/1148"}],"wp:attachment":[{"href":"http:\/\/joelahtmemkk.ee\/index.php?rest_route=%2Fwp%2Fv2%2Fmedia&parent=1147"}],"wp:term":[{"taxonomy":"category","embeddable":true,"href":"http:\/\/joelahtmemkk.ee\/index.php?rest_route=%2Fwp%2Fv2%2Fcategories&post=1147"},{"taxonomy":"post_tag","embeddable":true,"href":"http:\/\/joelahtmemkk.ee\/index.php?rest_route=%2Fwp%2Fv2%2Ftags&post=1147"}],"curies":[{"name":"wp","href":"https:\/\/api.w.org\/{rel}","templated":true}]}}