{"id":1152,"date":"2017-11-27T15:20:16","date_gmt":"2017-11-27T13:20:16","guid":{"rendered":"http:\/\/joelahtmemkk.ee\/?p=1152"},"modified":"2017-11-27T15:39:26","modified_gmt":"2017-11-27T13:39:26","slug":"joelahtme-mkk-joulukontserdid","status":"publish","type":"post","link":"http:\/\/joelahtmemkk.ee\/?p=1152","title":{"rendered":"J\u00f5el\u00e4htme MKK j\u00f5ulukontserdid"},"content":{"rendered":"<p><span style=\"font-family: arial, helvetica, sans-serif; font-size: 10pt;\"><span style=\"font-family: georgia, palatino, serif;\">02.12 kell 12.00 J\u00f5ulukontsert J\u00f5el\u00e4htme kirikus<\/span><\/span><\/p>\n<p><span style=\"font-size: 10pt; font-family: georgia, palatino, serif;\">07.12 kell 18.30 Neeme filiaali j\u00f5ulukontsert Neeme koolis<\/span><\/p>\n<p><span style=\"font-family: georgia, palatino, serif; font-size: 10pt;\">11.12 kell 18.00 \u00f5p. A. Kase \u00f5pilaste j\u00f5ulukontsert Lool muusikakooli saalis<\/span><\/p>\n<p><span style=\"font-family: georgia, palatino, serif; font-size: 10pt;\">12.12 kell 18.00 Kostivere filiaali j\u00f5ulukontsert Kostivere m\u00f5isa saalis<\/span><\/p>\n<p><span style=\"font-family: georgia, palatino, serif; font-size: 10pt;\">14.12 kell 18.00 \u00f5p. A. Oidekivi-Saarem\u00e4eli, M. Kamariku ja H. Piusi \u00f5pilaste\u00a0 \u00a0 \u00a0 \u00a0 \u00a0 \u00a0 \u00a0 \u00a0 \u00a0 \u00a0 \u00a0 \u00a0 \u00a0 \u00a0 \u00a0 \u00a0 \u00a0 \u00a0 \u00a0 \u00a0 \u00a0 \u00a0 \u00a0 \u00a0 \u00a0 \u00a0 \u00a0 \u00a0 \u00a0 \u00a0 \u00a0 \u00a0j\u00f5ulukontsert Loo Kultuurikeskuses<\/span><\/p>\n<p><span style=\"font-family: georgia, palatino, serif; font-size: 10pt;\">15.12 kell 18.00 Loo klaveri- ja kitarriosakonna j\u00f5ulukontsert Loo Kultuurikeskuses<\/span><\/p>\n<p><span style=\"font-family: georgia, palatino, serif; font-size: 10pt;\">19.12 kell 18.30 \u00f5p. V. L\u00e4\u00e4ne ja E. Vendti \u00f5pilaste j\u00f5ulukontsert Loo Kultuurikeskuses<\/span><\/p>\n<p>&nbsp;<\/p>\n","protected":false},"excerpt":{"rendered":"<p>02.12 kell 12.00 J\u00f5ulukontsert J\u00f5el\u00e4htme kirikus 07.12 kell 18.30 Neeme filiaali j\u00f5ulukontsert Neeme koolis 11.12 kell 18.00 \u00f5p. A. Kase \u00f5pilaste j\u00f5ulukontsert Lool muusikakooli saalis 12.12 kell 18.00 Kostivere filiaali j\u00f5ulukontsert Kostivere m\u00f5isa saalis 14.12 kell 18.00 \u00f5p. A. Oidekivi-Saarem\u00e4eli, M. Kamariku ja H. Piusi \u00f5pilaste\u00a0 \u00a0 \u00a0 \u00a0 \u00a0 \u00a0 \u00a0 \u00a0 \u00a0 \u00a0 \u00a0 \u00a0 \u00a0 \u00a0 \u00a0 \u00a0 \u00a0 \u00a0 \u00a0 \u00a0 \u00a0 \u00a0 \u00a0 \u00a0 \u00a0 \u00a0 \u00a0 \u00a0 \u00a0 \u00a0 \u00a0 \u00a0j\u00f5ulukontsert Loo Kultuurikeskuses 15.12 kell 18.00 Loo klaveri- ja kitarriosakonna j\u00f5ulukontsert Loo Kultuurikeskuses 19.12 kell 18.30 \u00f5p. V. L\u00e4\u00e4ne ja E. Vendti \u00f5pilaste j\u00f5ulukontsert Loo Kultuurikeskuses &nbsp;<\/p>\n","protected":false},"author":4,"featured_media":0,"comment_status":"closed","ping_status":"closed","sticky":false,"template":"","format":"standard","meta":{"footnotes":""},"categories":[1],"tags":[],"class_list":["post-1152","post","type-post","status-publish","format-standard","hentry","category-maaratlemata"],"_links":{"self":[{"href":"http:\/\/joelahtmemkk.ee\/index.php?rest_route=\/wp\/v2\/posts\/1152","targetHints":{"allow":["GET"]}}],"collection":[{"href":"http:\/\/joelahtmemkk.ee\/index.php?rest_route=\/wp\/v2\/posts"}],"about":[{"href":"http:\/\/joelahtmemkk.ee\/index.php?rest_route=\/wp\/v2\/types\/post"}],"author":[{"embeddable":true,"href":"http:\/\/joelahtmemkk.ee\/index.php?rest_route=\/wp\/v2\/users\/4"}],"replies":[{"embeddable":true,"href":"http:\/\/joelahtmemkk.ee\/index.php?rest_route=%2Fwp%2Fv2%2Fcomments&post=1152"}],"version-history":[{"count":26,"href":"http:\/\/joelahtmemkk.ee\/index.php?rest_route=\/wp\/v2\/posts\/1152\/revisions"}],"predecessor-version":[{"id":1178,"href":"http:\/\/joelahtmemkk.ee\/index.php?rest_route=\/wp\/v2\/posts\/1152\/revisions\/1178"}],"wp:attachment":[{"href":"http:\/\/joelahtmemkk.ee\/index.php?rest_route=%2Fwp%2Fv2%2Fmedia&parent=1152"}],"wp:term":[{"taxonomy":"category","embeddable":true,"href":"http:\/\/joelahtmemkk.ee\/index.php?rest_route=%2Fwp%2Fv2%2Fcategories&post=1152"},{"taxonomy":"post_tag","embeddable":true,"href":"http:\/\/joelahtmemkk.ee\/index.php?rest_route=%2Fwp%2Fv2%2Ftags&post=1152"}],"curies":[{"name":"wp","href":"https:\/\/api.w.org\/{rel}","templated":true}]}}