{"id":1205,"date":"2018-02-06T11:58:04","date_gmt":"2018-02-06T09:58:04","guid":{"rendered":"http:\/\/joelahtmemkk.ee\/?p=1205"},"modified":"2018-02-06T11:58:04","modified_gmt":"2018-02-06T09:58:04","slug":"20-klaveriansamblite-festival-allegro","status":"publish","type":"post","link":"http:\/\/joelahtmemkk.ee\/?p=1205","title":{"rendered":"20. klaveriansamblite festival &#8220;Allegro&#8221;"},"content":{"rendered":"<p>3. veebruaril 2018 toimus G. Otsa nim. Tallinna Muusikakoolis 20. klaveriansamblite festival &#8220;Allegro&#8221;. J\u00f5el\u00e4htme MKK\u00b4st v\u00f5ttis festivalist osa 10 \u00f5pilast.<\/p>\n<p>Loolt osalesid Anna Loginova ja Katleen Lilian Kahre\u00a0(\u00f5p.Tiina Muddi)<\/p>\n<p>Kostiverest osalesid Miia-Maria S\u00fcve ja Luise Talvoja ning Sandra Luiisa ja Daniela Laura Nossova\u00a0 (\u00f5p. Mailis Kamarik ja Svetlana Silt\u0161enko)<br \/>\nNeemest osalesid Kristelle ja Lisete Ratnik ning Mari ja Marta Moor (\u00f5p. Laura Veisveer ja Sandra Vaagen)<\/p>\n<p><a href=\"http:\/\/joelahtmemkk.ee\/wordpress\/wp-content\/uploads\/2018\/02\/Neeme-\u00f5pilased-koos-\u00f5p.-Sandraga.jpeg\"><img loading=\"lazy\" decoding=\"async\" class=\"alignnone size-medium wp-image-1207\" src=\"http:\/\/joelahtmemkk.ee\/wordpress\/wp-content\/uploads\/2018\/02\/Neeme-\u00f5pilased-koos-\u00f5p.-Sandraga-225x300.jpeg\" alt=\"\" width=\"225\" height=\"300\" srcset=\"http:\/\/joelahtmemkk.ee\/wp-content\/uploads\/2018\/02\/Neeme-\u00f5pilased-koos-\u00f5p.-Sandraga-225x300.jpeg 225w, http:\/\/joelahtmemkk.ee\/wp-content\/uploads\/2018\/02\/Neeme-\u00f5pilased-koos-\u00f5p.-Sandraga-768x1024.jpeg 768w\" sizes=\"auto, (max-width: 225px) 100vw, 225px\" \/><\/a> <a href=\"http:\/\/joelahtmemkk.ee\/wordpress\/wp-content\/uploads\/2018\/02\/Sandra-ja-Daniela-koos-\u00f5p.-Svetaga.jpg\"><img loading=\"lazy\" decoding=\"async\" class=\"alignnone size-medium wp-image-1208\" src=\"http:\/\/joelahtmemkk.ee\/wordpress\/wp-content\/uploads\/2018\/02\/Sandra-ja-Daniela-koos-\u00f5p.-Svetaga-300x225.jpg\" alt=\"\" width=\"300\" height=\"225\" srcset=\"http:\/\/joelahtmemkk.ee\/wp-content\/uploads\/2018\/02\/Sandra-ja-Daniela-koos-\u00f5p.-Svetaga-300x225.jpg 300w, http:\/\/joelahtmemkk.ee\/wp-content\/uploads\/2018\/02\/Sandra-ja-Daniela-koos-\u00f5p.-Svetaga-768x576.jpg 768w, http:\/\/joelahtmemkk.ee\/wp-content\/uploads\/2018\/02\/Sandra-ja-Daniela-koos-\u00f5p.-Svetaga-1024x768.jpg 1024w, http:\/\/joelahtmemkk.ee\/wp-content\/uploads\/2018\/02\/Sandra-ja-Daniela-koos-\u00f5p.-Svetaga-400x300.jpg 400w\" sizes=\"auto, (max-width: 300px) 100vw, 300px\" \/><\/a><\/p>\n<p><a href=\"http:\/\/joelahtmemkk.ee\/wordpress\/wp-content\/uploads\/2018\/02\/Anna-ja-Katleen-koos-\u00f5p.-Tiinaga-e1517911070170.jpg\"><img loading=\"lazy\" decoding=\"async\" class=\"alignnone size-medium wp-image-1206\" src=\"http:\/\/joelahtmemkk.ee\/wordpress\/wp-content\/uploads\/2018\/02\/Anna-ja-Katleen-koos-\u00f5p.-Tiinaga-e1517911070170-225x300.jpg\" alt=\"\" width=\"225\" height=\"300\" srcset=\"http:\/\/joelahtmemkk.ee\/wp-content\/uploads\/2018\/02\/Anna-ja-Katleen-koos-\u00f5p.-Tiinaga-e1517911070170-225x300.jpg 225w, http:\/\/joelahtmemkk.ee\/wp-content\/uploads\/2018\/02\/Anna-ja-Katleen-koos-\u00f5p.-Tiinaga-e1517911070170-768x1024.jpg 768w\" sizes=\"auto, (max-width: 225px) 100vw, 225px\" \/><\/a><\/p>\n","protected":false},"excerpt":{"rendered":"<p>3. veebruaril 2018 toimus G. Otsa nim. Tallinna Muusikakoolis 20. klaveriansamblite festival &#8220;Allegro&#8221;. J\u00f5el\u00e4htme MKK\u00b4st v\u00f5ttis festivalist osa 10 \u00f5pilast. Loolt osalesid Anna Loginova ja Katleen Lilian Kahre\u00a0(\u00f5p.Tiina Muddi) Kostiverest osalesid Miia-Maria S\u00fcve ja Luise Talvoja ning Sandra Luiisa ja Daniela Laura Nossova\u00a0 (\u00f5p. Mailis Kamarik ja Svetlana Silt\u0161enko) Neemest osalesid Kristelle ja Lisete Ratnik ning Mari ja Marta Moor (\u00f5p. Laura Veisveer ja Sandra Vaagen)<\/p>\n","protected":false},"author":4,"featured_media":0,"comment_status":"closed","ping_status":"closed","sticky":false,"template":"","format":"standard","meta":{"footnotes":""},"categories":[1],"tags":[],"class_list":["post-1205","post","type-post","status-publish","format-standard","hentry","category-maaratlemata"],"_links":{"self":[{"href":"http:\/\/joelahtmemkk.ee\/index.php?rest_route=\/wp\/v2\/posts\/1205","targetHints":{"allow":["GET"]}}],"collection":[{"href":"http:\/\/joelahtmemkk.ee\/index.php?rest_route=\/wp\/v2\/posts"}],"about":[{"href":"http:\/\/joelahtmemkk.ee\/index.php?rest_route=\/wp\/v2\/types\/post"}],"author":[{"embeddable":true,"href":"http:\/\/joelahtmemkk.ee\/index.php?rest_route=\/wp\/v2\/users\/4"}],"replies":[{"embeddable":true,"href":"http:\/\/joelahtmemkk.ee\/index.php?rest_route=%2Fwp%2Fv2%2Fcomments&post=1205"}],"version-history":[{"count":1,"href":"http:\/\/joelahtmemkk.ee\/index.php?rest_route=\/wp\/v2\/posts\/1205\/revisions"}],"predecessor-version":[{"id":1209,"href":"http:\/\/joelahtmemkk.ee\/index.php?rest_route=\/wp\/v2\/posts\/1205\/revisions\/1209"}],"wp:attachment":[{"href":"http:\/\/joelahtmemkk.ee\/index.php?rest_route=%2Fwp%2Fv2%2Fmedia&parent=1205"}],"wp:term":[{"taxonomy":"category","embeddable":true,"href":"http:\/\/joelahtmemkk.ee\/index.php?rest_route=%2Fwp%2Fv2%2Fcategories&post=1205"},{"taxonomy":"post_tag","embeddable":true,"href":"http:\/\/joelahtmemkk.ee\/index.php?rest_route=%2Fwp%2Fv2%2Ftags&post=1205"}],"curies":[{"name":"wp","href":"https:\/\/api.w.org\/{rel}","templated":true}]}}