{"id":1215,"date":"2018-03-14T14:56:58","date_gmt":"2018-03-14T12:56:58","guid":{"rendered":"http:\/\/joelahtmemkk.ee\/?p=1215"},"modified":"2018-03-14T14:56:58","modified_gmt":"2018-03-14T12:56:58","slug":"joelahtme-mkk-kunstiopilaste-osalemine-joelahtme-laululaps-2018-logo-joonistamisel","status":"publish","type":"post","link":"http:\/\/joelahtmemkk.ee\/?p=1215","title":{"rendered":"J\u00f5el\u00e4htme MKK kunsti\u00f5pilaste osalemine &#8220;J\u00f5el\u00e4htme Laululaps 2018&#8221; logo joonistamisel"},"content":{"rendered":"<p>J\u00f5el\u00e4htme Laululaps 2018 plakati kujunduses l\u00f5id sel aastal kaasa ka J\u00f5el\u00e4htme MKK Loo filiaali kunsti\u00f5pilased: Aaron, Lisette Keiti, Ellis, Emilia, Henri-Laur, Jete Mari, Nora Lii ja Nelli. \u00d5pilasi juhendas \u00f5p. Piret Pintman-Hellaste.<\/p>\n<p>K\u00f5ige uljama, v\u00e4rvilisema ja p\u00fc\u00fcdlikuma laulja m\u00f5\u00f5du andis v\u00e4lja seekord Marian Paju joonistatud metsis. Metsis on valitud 2018. aasta linnuks.<\/p>\n<p><a href=\"http:\/\/joelahtmemkk.ee\/wordpress\/wp-content\/uploads\/2018\/03\/J\u00f5el\u00e4htme-laululaps-2018-Metsised-1.jpg\"><img loading=\"lazy\" decoding=\"async\" class=\"alignnone size-medium wp-image-1216\" src=\"http:\/\/joelahtmemkk.ee\/wordpress\/wp-content\/uploads\/2018\/03\/J\u00f5el\u00e4htme-laululaps-2018-Metsised-1-263x300.jpg\" alt=\"\" width=\"263\" height=\"300\" srcset=\"http:\/\/joelahtmemkk.ee\/wp-content\/uploads\/2018\/03\/J\u00f5el\u00e4htme-laululaps-2018-Metsised-1-263x300.jpg 263w, http:\/\/joelahtmemkk.ee\/wp-content\/uploads\/2018\/03\/J\u00f5el\u00e4htme-laululaps-2018-Metsised-1-768x875.jpg 768w, http:\/\/joelahtmemkk.ee\/wp-content\/uploads\/2018\/03\/J\u00f5el\u00e4htme-laululaps-2018-Metsised-1-899x1024.jpg 899w, http:\/\/joelahtmemkk.ee\/wp-content\/uploads\/2018\/03\/J\u00f5el\u00e4htme-laululaps-2018-Metsised-1.jpg 1217w\" sizes=\"auto, (max-width: 263px) 100vw, 263px\" \/><\/a> <a href=\"http:\/\/joelahtmemkk.ee\/wordpress\/wp-content\/uploads\/2018\/03\/J\u00f5el\u00e4htme-laululaps-2018-Metsised-2.jpg\"><img loading=\"lazy\" decoding=\"async\" class=\"alignnone size-medium wp-image-1217\" src=\"http:\/\/joelahtmemkk.ee\/wordpress\/wp-content\/uploads\/2018\/03\/J\u00f5el\u00e4htme-laululaps-2018-Metsised-2-232x300.jpg\" alt=\"\" width=\"232\" height=\"300\" srcset=\"http:\/\/joelahtmemkk.ee\/wp-content\/uploads\/2018\/03\/J\u00f5el\u00e4htme-laululaps-2018-Metsised-2-232x300.jpg 232w, http:\/\/joelahtmemkk.ee\/wp-content\/uploads\/2018\/03\/J\u00f5el\u00e4htme-laululaps-2018-Metsised-2-768x992.jpg 768w, http:\/\/joelahtmemkk.ee\/wp-content\/uploads\/2018\/03\/J\u00f5el\u00e4htme-laululaps-2018-Metsised-2-793x1024.jpg 793w, http:\/\/joelahtmemkk.ee\/wp-content\/uploads\/2018\/03\/J\u00f5el\u00e4htme-laululaps-2018-Metsised-2.jpg 1275w\" sizes=\"auto, (max-width: 232px) 100vw, 232px\" \/><\/a><\/p>\n","protected":false},"excerpt":{"rendered":"<p>J\u00f5el\u00e4htme Laululaps 2018 plakati kujunduses l\u00f5id sel aastal kaasa ka J\u00f5el\u00e4htme MKK Loo filiaali kunsti\u00f5pilased: Aaron, Lisette Keiti, Ellis, Emilia, Henri-Laur, Jete Mari, Nora Lii ja Nelli. \u00d5pilasi juhendas \u00f5p. Piret Pintman-Hellaste. K\u00f5ige uljama, v\u00e4rvilisema ja p\u00fc\u00fcdlikuma laulja m\u00f5\u00f5du andis v\u00e4lja seekord Marian Paju joonistatud metsis. Metsis on valitud 2018. aasta linnuks.<\/p>\n","protected":false},"author":4,"featured_media":0,"comment_status":"closed","ping_status":"closed","sticky":false,"template":"","format":"standard","meta":{"footnotes":""},"categories":[1],"tags":[],"class_list":["post-1215","post","type-post","status-publish","format-standard","hentry","category-maaratlemata"],"_links":{"self":[{"href":"http:\/\/joelahtmemkk.ee\/index.php?rest_route=\/wp\/v2\/posts\/1215","targetHints":{"allow":["GET"]}}],"collection":[{"href":"http:\/\/joelahtmemkk.ee\/index.php?rest_route=\/wp\/v2\/posts"}],"about":[{"href":"http:\/\/joelahtmemkk.ee\/index.php?rest_route=\/wp\/v2\/types\/post"}],"author":[{"embeddable":true,"href":"http:\/\/joelahtmemkk.ee\/index.php?rest_route=\/wp\/v2\/users\/4"}],"replies":[{"embeddable":true,"href":"http:\/\/joelahtmemkk.ee\/index.php?rest_route=%2Fwp%2Fv2%2Fcomments&post=1215"}],"version-history":[{"count":1,"href":"http:\/\/joelahtmemkk.ee\/index.php?rest_route=\/wp\/v2\/posts\/1215\/revisions"}],"predecessor-version":[{"id":1218,"href":"http:\/\/joelahtmemkk.ee\/index.php?rest_route=\/wp\/v2\/posts\/1215\/revisions\/1218"}],"wp:attachment":[{"href":"http:\/\/joelahtmemkk.ee\/index.php?rest_route=%2Fwp%2Fv2%2Fmedia&parent=1215"}],"wp:term":[{"taxonomy":"category","embeddable":true,"href":"http:\/\/joelahtmemkk.ee\/index.php?rest_route=%2Fwp%2Fv2%2Fcategories&post=1215"},{"taxonomy":"post_tag","embeddable":true,"href":"http:\/\/joelahtmemkk.ee\/index.php?rest_route=%2Fwp%2Fv2%2Ftags&post=1215"}],"curies":[{"name":"wp","href":"https:\/\/api.w.org\/{rel}","templated":true}]}}