{"id":1231,"date":"2018-03-27T18:24:41","date_gmt":"2018-03-27T15:24:41","guid":{"rendered":"http:\/\/joelahtmemkk.ee\/?p=1231"},"modified":"2018-03-27T18:51:35","modified_gmt":"2018-03-27T15:51:35","slug":"loode-eesti-regiooni-kandlekonkurss","status":"publish","type":"post","link":"http:\/\/joelahtmemkk.ee\/?p=1231","title":{"rendered":"Loode-Eesti regiooni konkursid 2018"},"content":{"rendered":"<p>24.m\u00e4rtsil toimus Loode-Eesti regiooni akordionikonkurss. Seekord oli korraldajaks J\u00f5el\u00e4htme Muusika- ja Kunstikool ning konkurss toimus Loo Keskkoolis. Meie kooli esindasid Siim Lehtma ja Emma Victoria Talvik. Konkursil saavutas II koha Siim Lehtma. T\u00e4name osalejaid ja \u00f5petaja Eve Vendti!<\/p>\n<p>24.m\u00e4rtsil toimus ka kitarrikonkurss Kehra Kunstide Koolis. Konkursil osales Jaagup Sikka Kostivere filiaalist. T\u00e4name tublit osalejat ja \u00f5petaja Maario Pihlakut.<\/p>\n<p>24.m\u00e4rtsil toimus Loode-Eesti regiooni kandlekonkurss Viimsi Muusikakoolis. J\u00f5el\u00e4htme MKK\u00b4st osales 3 \u00f5pilast. Hanna Liis Esnar saavutas konkursil III koha, Marta Mia Laur ja Moonika Voitka said diplomi. \u00d5nnitleme tublisid kandle\u00f5pilasi ja \u00f5petaja Ann Kaset.<\/p>\n<p><a href=\"http:\/\/joelahtmemkk.ee\/wordpress\/wp-content\/uploads\/2018\/03\/Kandlekonkurss-m\u00e4rts-2018-1-e1522164256180.jpg\"><img loading=\"lazy\" decoding=\"async\" class=\"alignnone size-medium wp-image-1233\" src=\"http:\/\/joelahtmemkk.ee\/wordpress\/wp-content\/uploads\/2018\/03\/Kandlekonkurss-m\u00e4rts-2018-1-e1522164256180-200x300.jpg\" alt=\"\" width=\"200\" height=\"300\" srcset=\"http:\/\/joelahtmemkk.ee\/wp-content\/uploads\/2018\/03\/Kandlekonkurss-m\u00e4rts-2018-1-e1522164256180-200x300.jpg 200w, http:\/\/joelahtmemkk.ee\/wp-content\/uploads\/2018\/03\/Kandlekonkurss-m\u00e4rts-2018-1-e1522164256180-768x1152.jpg 768w, http:\/\/joelahtmemkk.ee\/wp-content\/uploads\/2018\/03\/Kandlekonkurss-m\u00e4rts-2018-1-e1522164256180-683x1024.jpg 683w, http:\/\/joelahtmemkk.ee\/wp-content\/uploads\/2018\/03\/Kandlekonkurss-m\u00e4rts-2018-1-e1522164256180.jpg 1728w\" sizes=\"auto, (max-width: 200px) 100vw, 200px\" \/><\/a><\/p>\n","protected":false},"excerpt":{"rendered":"<p>24.m\u00e4rtsil toimus Loode-Eesti regiooni akordionikonkurss. Seekord oli korraldajaks J\u00f5el\u00e4htme Muusika- ja Kunstikool ning konkurss toimus Loo Keskkoolis. Meie kooli esindasid Siim Lehtma ja Emma Victoria Talvik. Konkursil saavutas II koha Siim Lehtma. T\u00e4name osalejaid ja \u00f5petaja Eve Vendti! 24.m\u00e4rtsil toimus ka kitarrikonkurss Kehra Kunstide Koolis. Konkursil osales Jaagup Sikka Kostivere filiaalist. T\u00e4name tublit osalejat ja \u00f5petaja Maario Pihlakut. 24.m\u00e4rtsil toimus Loode-Eesti regiooni kandlekonkurss Viimsi Muusikakoolis. J\u00f5el\u00e4htme MKK\u00b4st osales 3 \u00f5pilast. Hanna Liis Esnar saavutas konkursil III koha, Marta Mia Laur ja Moonika Voitka said diplomi. \u00d5nnitleme tublisid kandle\u00f5pilasi ja \u00f5petaja Ann Kaset.<\/p>\n","protected":false},"author":4,"featured_media":0,"comment_status":"closed","ping_status":"closed","sticky":false,"template":"","format":"standard","meta":{"footnotes":""},"categories":[1],"tags":[],"class_list":["post-1231","post","type-post","status-publish","format-standard","hentry","category-maaratlemata"],"_links":{"self":[{"href":"http:\/\/joelahtmemkk.ee\/index.php?rest_route=\/wp\/v2\/posts\/1231","targetHints":{"allow":["GET"]}}],"collection":[{"href":"http:\/\/joelahtmemkk.ee\/index.php?rest_route=\/wp\/v2\/posts"}],"about":[{"href":"http:\/\/joelahtmemkk.ee\/index.php?rest_route=\/wp\/v2\/types\/post"}],"author":[{"embeddable":true,"href":"http:\/\/joelahtmemkk.ee\/index.php?rest_route=\/wp\/v2\/users\/4"}],"replies":[{"embeddable":true,"href":"http:\/\/joelahtmemkk.ee\/index.php?rest_route=%2Fwp%2Fv2%2Fcomments&post=1231"}],"version-history":[{"count":3,"href":"http:\/\/joelahtmemkk.ee\/index.php?rest_route=\/wp\/v2\/posts\/1231\/revisions"}],"predecessor-version":[{"id":1237,"href":"http:\/\/joelahtmemkk.ee\/index.php?rest_route=\/wp\/v2\/posts\/1231\/revisions\/1237"}],"wp:attachment":[{"href":"http:\/\/joelahtmemkk.ee\/index.php?rest_route=%2Fwp%2Fv2%2Fmedia&parent=1231"}],"wp:term":[{"taxonomy":"category","embeddable":true,"href":"http:\/\/joelahtmemkk.ee\/index.php?rest_route=%2Fwp%2Fv2%2Fcategories&post=1231"},{"taxonomy":"post_tag","embeddable":true,"href":"http:\/\/joelahtmemkk.ee\/index.php?rest_route=%2Fwp%2Fv2%2Ftags&post=1231"}],"curies":[{"name":"wp","href":"https:\/\/api.w.org\/{rel}","templated":true}]}}