{"id":1254,"date":"2018-04-10T10:19:37","date_gmt":"2018-04-10T07:19:37","guid":{"rendered":"http:\/\/joelahtmemkk.ee\/?p=1254"},"modified":"2018-04-10T10:19:37","modified_gmt":"2018-04-10T07:19:37","slug":"vabariiklik-akordionikonkurss","status":"publish","type":"post","link":"http:\/\/joelahtmemkk.ee\/?p=1254","title":{"rendered":"Vabariiklik akordionikonkurss"},"content":{"rendered":"<p>7. aprillil toimus Keila Muusikakoolis vabariiklik akordionikonkurss, kus J\u00f5el\u00e4htme MKK-st osales I klassi \u00f5pilane Siim Lehtma (\u00f5p. Eve Vendt). Siim saavutas konkursil 3. koha. Palju \u00f5nne Siimule ja tema \u00f5petajale Eve Vendtile!<\/p>\n<p><a href=\"http:\/\/joelahtmemkk.ee\/wordpress\/wp-content\/uploads\/2018\/04\/Siim-Lehtma-III-koht-vab.-ak.-konkursil.jpg\"><img loading=\"lazy\" decoding=\"async\" class=\"alignnone size-medium wp-image-1250\" src=\"http:\/\/joelahtmemkk.ee\/wordpress\/wp-content\/uploads\/2018\/04\/Siim-Lehtma-III-koht-vab.-ak.-konkursil-225x300.jpg\" alt=\"\" width=\"225\" height=\"300\" srcset=\"http:\/\/joelahtmemkk.ee\/wp-content\/uploads\/2018\/04\/Siim-Lehtma-III-koht-vab.-ak.-konkursil-225x300.jpg 225w, http:\/\/joelahtmemkk.ee\/wp-content\/uploads\/2018\/04\/Siim-Lehtma-III-koht-vab.-ak.-konkursil.jpg 720w\" sizes=\"auto, (max-width: 225px) 100vw, 225px\" \/><\/a><\/p>\n","protected":false},"excerpt":{"rendered":"<p>7. aprillil toimus Keila Muusikakoolis vabariiklik akordionikonkurss, kus J\u00f5el\u00e4htme MKK-st osales I klassi \u00f5pilane Siim Lehtma (\u00f5p. Eve Vendt). Siim saavutas konkursil 3. koha. Palju \u00f5nne Siimule ja tema \u00f5petajale Eve Vendtile!<\/p>\n","protected":false},"author":4,"featured_media":0,"comment_status":"closed","ping_status":"closed","sticky":false,"template":"","format":"standard","meta":{"footnotes":""},"categories":[1],"tags":[],"class_list":["post-1254","post","type-post","status-publish","format-standard","hentry","category-maaratlemata"],"_links":{"self":[{"href":"http:\/\/joelahtmemkk.ee\/index.php?rest_route=\/wp\/v2\/posts\/1254","targetHints":{"allow":["GET"]}}],"collection":[{"href":"http:\/\/joelahtmemkk.ee\/index.php?rest_route=\/wp\/v2\/posts"}],"about":[{"href":"http:\/\/joelahtmemkk.ee\/index.php?rest_route=\/wp\/v2\/types\/post"}],"author":[{"embeddable":true,"href":"http:\/\/joelahtmemkk.ee\/index.php?rest_route=\/wp\/v2\/users\/4"}],"replies":[{"embeddable":true,"href":"http:\/\/joelahtmemkk.ee\/index.php?rest_route=%2Fwp%2Fv2%2Fcomments&post=1254"}],"version-history":[{"count":1,"href":"http:\/\/joelahtmemkk.ee\/index.php?rest_route=\/wp\/v2\/posts\/1254\/revisions"}],"predecessor-version":[{"id":1255,"href":"http:\/\/joelahtmemkk.ee\/index.php?rest_route=\/wp\/v2\/posts\/1254\/revisions\/1255"}],"wp:attachment":[{"href":"http:\/\/joelahtmemkk.ee\/index.php?rest_route=%2Fwp%2Fv2%2Fmedia&parent=1254"}],"wp:term":[{"taxonomy":"category","embeddable":true,"href":"http:\/\/joelahtmemkk.ee\/index.php?rest_route=%2Fwp%2Fv2%2Fcategories&post=1254"},{"taxonomy":"post_tag","embeddable":true,"href":"http:\/\/joelahtmemkk.ee\/index.php?rest_route=%2Fwp%2Fv2%2Ftags&post=1254"}],"curies":[{"name":"wp","href":"https:\/\/api.w.org\/{rel}","templated":true}]}}