{"id":1261,"date":"2018-04-23T10:15:47","date_gmt":"2018-04-23T07:15:47","guid":{"rendered":"http:\/\/joelahtmemkk.ee\/?p=1261"},"modified":"2018-04-23T10:15:47","modified_gmt":"2018-04-23T07:15:47","slug":"vabariiklik-kandlekonkurss","status":"publish","type":"post","link":"http:\/\/joelahtmemkk.ee\/?p=1261","title":{"rendered":"Vabariiklik kandlekonkurss"},"content":{"rendered":"<p>14. aprillil toimus N\u00f5mme Muusikakoolis vabariiklik kandlekonkurss, kus J\u00f5el\u00e4htme MKK \u00f5pilane Hanna Liis Esnar saavutas 3. koha. Palju \u00f5nne Hanna Liisile ja tema \u00f5petaja Ann Kasele!<\/p>\n<p><a href=\"http:\/\/joelahtmemkk.ee\/wordpress\/wp-content\/uploads\/2018\/04\/Hanna-Liis-Esnar-vab.-konkurss-2018.jpg\"><img loading=\"lazy\" decoding=\"async\" class=\"alignnone size-medium wp-image-1262\" src=\"http:\/\/joelahtmemkk.ee\/wordpress\/wp-content\/uploads\/2018\/04\/Hanna-Liis-Esnar-vab.-konkurss-2018-225x300.jpg\" alt=\"\" width=\"225\" height=\"300\" srcset=\"http:\/\/joelahtmemkk.ee\/wp-content\/uploads\/2018\/04\/Hanna-Liis-Esnar-vab.-konkurss-2018-225x300.jpg 225w, http:\/\/joelahtmemkk.ee\/wp-content\/uploads\/2018\/04\/Hanna-Liis-Esnar-vab.-konkurss-2018-768x1024.jpg 768w\" sizes=\"auto, (max-width: 225px) 100vw, 225px\" \/><\/a><\/p>\n","protected":false},"excerpt":{"rendered":"<p>14. aprillil toimus N\u00f5mme Muusikakoolis vabariiklik kandlekonkurss, kus J\u00f5el\u00e4htme MKK \u00f5pilane Hanna Liis Esnar saavutas 3. koha. Palju \u00f5nne Hanna Liisile ja tema \u00f5petaja Ann Kasele!<\/p>\n","protected":false},"author":4,"featured_media":0,"comment_status":"closed","ping_status":"closed","sticky":false,"template":"","format":"standard","meta":{"footnotes":""},"categories":[1],"tags":[],"class_list":["post-1261","post","type-post","status-publish","format-standard","hentry","category-maaratlemata"],"_links":{"self":[{"href":"http:\/\/joelahtmemkk.ee\/index.php?rest_route=\/wp\/v2\/posts\/1261","targetHints":{"allow":["GET"]}}],"collection":[{"href":"http:\/\/joelahtmemkk.ee\/index.php?rest_route=\/wp\/v2\/posts"}],"about":[{"href":"http:\/\/joelahtmemkk.ee\/index.php?rest_route=\/wp\/v2\/types\/post"}],"author":[{"embeddable":true,"href":"http:\/\/joelahtmemkk.ee\/index.php?rest_route=\/wp\/v2\/users\/4"}],"replies":[{"embeddable":true,"href":"http:\/\/joelahtmemkk.ee\/index.php?rest_route=%2Fwp%2Fv2%2Fcomments&post=1261"}],"version-history":[{"count":1,"href":"http:\/\/joelahtmemkk.ee\/index.php?rest_route=\/wp\/v2\/posts\/1261\/revisions"}],"predecessor-version":[{"id":1263,"href":"http:\/\/joelahtmemkk.ee\/index.php?rest_route=\/wp\/v2\/posts\/1261\/revisions\/1263"}],"wp:attachment":[{"href":"http:\/\/joelahtmemkk.ee\/index.php?rest_route=%2Fwp%2Fv2%2Fmedia&parent=1261"}],"wp:term":[{"taxonomy":"category","embeddable":true,"href":"http:\/\/joelahtmemkk.ee\/index.php?rest_route=%2Fwp%2Fv2%2Fcategories&post=1261"},{"taxonomy":"post_tag","embeddable":true,"href":"http:\/\/joelahtmemkk.ee\/index.php?rest_route=%2Fwp%2Fv2%2Ftags&post=1261"}],"curies":[{"name":"wp","href":"https:\/\/api.w.org\/{rel}","templated":true}]}}