{"id":1267,"date":"2018-05-09T14:07:16","date_gmt":"2018-05-09T11:07:16","guid":{"rendered":"http:\/\/joelahtmemkk.ee\/?p=1267"},"modified":"2018-05-09T14:08:46","modified_gmt":"2018-05-09T11:08:46","slug":"kunstiosakonna-opilastoode-naitus","status":"publish","type":"post","link":"http:\/\/joelahtmemkk.ee\/?p=1267","title":{"rendered":"Kunstiosakonna \u00f5pilast\u00f6\u00f6de n\u00e4itus"},"content":{"rendered":"<p>Olete oodatud J\u00f5el\u00e4htme MKK kunsti\u00f5pilaste kevadn\u00e4ituse avamisele Kostivere Kultuurim\u00f5isa teisip\u00e4eval, 15.mail kell 17:30.<br \/>\nN\u00e4itus j\u00e4\u00e4b avatuks kuni 30. juunini. Tulge vaatama!<\/p>\n<p>\u00d5pilaste juhendajad on kunsti\u00f5petajad Sirje Hollo (Kostivere \u00f5pilased) ning Piret Pintman-Hellaste ja Kristine Teder (Loo \u00f5pilased).<\/p>\n<div class=\"text_exposed_show\">\n<p>Peale n\u00e4ituse avamist, kell 18:00, algab J\u00f5el\u00e4htme Muusika- ja Kunstikooli Kostivere filiaali muusikaosakonna \u00f5pilaste kontsert.<\/p>\n<p>Lisaks on Loo osakonna kunsti\u00f5pilaste \u00f5ppeaasta \u00fclevaaten\u00e4itust v\u00f5imalik n\u00e4ha ka Loo Keskkooli saalis alates 31.maist.<\/p>\n<p>Plakati kujunduseks kasutatud mosaiigi autoriks on IV p\u00f5hikooli \u00f5pilane Marite Reichardt (Loo)<\/p>\n<p><a href=\"http:\/\/joelahtmemkk.ee\/wordpress\/wp-content\/uploads\/2018\/05\/Kunsti\u00f5pilaste-t\u00f6\u00f6de-n\u00e4itus-15.05-Kostivere-m\u00f5isas.jpg\"><img loading=\"lazy\" decoding=\"async\" class=\"alignnone size-medium wp-image-1268\" src=\"http:\/\/joelahtmemkk.ee\/wordpress\/wp-content\/uploads\/2018\/05\/Kunsti\u00f5pilaste-t\u00f6\u00f6de-n\u00e4itus-15.05-Kostivere-m\u00f5isas-300x214.jpg\" alt=\"\" width=\"300\" height=\"214\" srcset=\"http:\/\/joelahtmemkk.ee\/wp-content\/uploads\/2018\/05\/Kunsti\u00f5pilaste-t\u00f6\u00f6de-n\u00e4itus-15.05-Kostivere-m\u00f5isas-300x214.jpg 300w, http:\/\/joelahtmemkk.ee\/wp-content\/uploads\/2018\/05\/Kunsti\u00f5pilaste-t\u00f6\u00f6de-n\u00e4itus-15.05-Kostivere-m\u00f5isas-768x548.jpg 768w, http:\/\/joelahtmemkk.ee\/wp-content\/uploads\/2018\/05\/Kunsti\u00f5pilaste-t\u00f6\u00f6de-n\u00e4itus-15.05-Kostivere-m\u00f5isas-1024x731.jpg 1024w, http:\/\/joelahtmemkk.ee\/wp-content\/uploads\/2018\/05\/Kunsti\u00f5pilaste-t\u00f6\u00f6de-n\u00e4itus-15.05-Kostivere-m\u00f5isas-420x300.jpg 420w, http:\/\/joelahtmemkk.ee\/wp-content\/uploads\/2018\/05\/Kunsti\u00f5pilaste-t\u00f6\u00f6de-n\u00e4itus-15.05-Kostivere-m\u00f5isas.jpg 1194w\" sizes=\"auto, (max-width: 300px) 100vw, 300px\" \/><\/a><\/p>\n<\/div>\n","protected":false},"excerpt":{"rendered":"<p>Olete oodatud J\u00f5el\u00e4htme MKK kunsti\u00f5pilaste kevadn\u00e4ituse avamisele Kostivere Kultuurim\u00f5isa teisip\u00e4eval, 15.mail kell 17:30. N\u00e4itus j\u00e4\u00e4b avatuks kuni 30. juunini. Tulge vaatama! \u00d5pilaste juhendajad on kunsti\u00f5petajad Sirje Hollo (Kostivere \u00f5pilased) ning Piret Pintman-Hellaste ja Kristine Teder (Loo \u00f5pilased). Peale n\u00e4ituse avamist, kell 18:00, algab J\u00f5el\u00e4htme Muusika- ja Kunstikooli Kostivere filiaali muusikaosakonna \u00f5pilaste kontsert. Lisaks on Loo osakonna kunsti\u00f5pilaste \u00f5ppeaasta \u00fclevaaten\u00e4itust v\u00f5imalik n\u00e4ha ka Loo Keskkooli saalis alates 31.maist. Plakati kujunduseks kasutatud mosaiigi autoriks on IV p\u00f5hikooli \u00f5pilane Marite Reichardt (Loo)<\/p>\n","protected":false},"author":4,"featured_media":0,"comment_status":"closed","ping_status":"closed","sticky":false,"template":"","format":"standard","meta":{"footnotes":""},"categories":[1],"tags":[],"class_list":["post-1267","post","type-post","status-publish","format-standard","hentry","category-maaratlemata"],"_links":{"self":[{"href":"http:\/\/joelahtmemkk.ee\/index.php?rest_route=\/wp\/v2\/posts\/1267","targetHints":{"allow":["GET"]}}],"collection":[{"href":"http:\/\/joelahtmemkk.ee\/index.php?rest_route=\/wp\/v2\/posts"}],"about":[{"href":"http:\/\/joelahtmemkk.ee\/index.php?rest_route=\/wp\/v2\/types\/post"}],"author":[{"embeddable":true,"href":"http:\/\/joelahtmemkk.ee\/index.php?rest_route=\/wp\/v2\/users\/4"}],"replies":[{"embeddable":true,"href":"http:\/\/joelahtmemkk.ee\/index.php?rest_route=%2Fwp%2Fv2%2Fcomments&post=1267"}],"version-history":[{"count":2,"href":"http:\/\/joelahtmemkk.ee\/index.php?rest_route=\/wp\/v2\/posts\/1267\/revisions"}],"predecessor-version":[{"id":1270,"href":"http:\/\/joelahtmemkk.ee\/index.php?rest_route=\/wp\/v2\/posts\/1267\/revisions\/1270"}],"wp:attachment":[{"href":"http:\/\/joelahtmemkk.ee\/index.php?rest_route=%2Fwp%2Fv2%2Fmedia&parent=1267"}],"wp:term":[{"taxonomy":"category","embeddable":true,"href":"http:\/\/joelahtmemkk.ee\/index.php?rest_route=%2Fwp%2Fv2%2Fcategories&post=1267"},{"taxonomy":"post_tag","embeddable":true,"href":"http:\/\/joelahtmemkk.ee\/index.php?rest_route=%2Fwp%2Fv2%2Ftags&post=1267"}],"curies":[{"name":"wp","href":"https:\/\/api.w.org\/{rel}","templated":true}]}}