{"id":1448,"date":"2019-02-25T11:47:44","date_gmt":"2019-02-25T09:47:44","guid":{"rendered":"http:\/\/joelahtmemkk.ee\/?p=1448"},"modified":"2019-02-25T11:47:44","modified_gmt":"2019-02-25T09:47:44","slug":"konkurss-parim-noor-instrumentalist-2019-2","status":"publish","type":"post","link":"http:\/\/joelahtmemkk.ee\/?p=1448","title":{"rendered":"Konkurss &#8220;Parim noor instrumentalist 2019&#8221;"},"content":{"rendered":"<p>20. veebruaril toimus Keila Muusikakoolis konkursi &#8220;Parim noor instrumentalist 2019&#8221; Loode-Eesti piirkonna klaverikonkurss. J\u00f5el\u00e4htme MKK-st osales konkursil 2 \u00f5pilast &#8211; Kristelle Ratnik (\u00f5p. Sandra Vaagen) ja Anna Loginova (\u00f5p. Tiina Muddi). Kristelle sai konkursil diplomi ja Anna II koha. Palju \u00f5nne tublidele \u00f5pilastele ja nende \u00f5petajatele!<\/p>\n<p><a href=\"http:\/\/joelahtmemkk.ee\/wp-content\/uploads\/2019\/02\/II-koht.jpg\"><img loading=\"lazy\" decoding=\"async\" class=\"alignnone size-medium wp-image-1449\" src=\"http:\/\/joelahtmemkk.ee\/wp-content\/uploads\/2019\/02\/II-koht-225x300.jpg\" alt=\"\" width=\"225\" height=\"300\" srcset=\"http:\/\/joelahtmemkk.ee\/wp-content\/uploads\/2019\/02\/II-koht-225x300.jpg 225w, http:\/\/joelahtmemkk.ee\/wp-content\/uploads\/2019\/02\/II-koht.jpg 720w\" sizes=\"auto, (max-width: 225px) 100vw, 225px\" \/><\/a><a href=\"http:\/\/joelahtmemkk.ee\/wp-content\/uploads\/2019\/02\/diplom.jpg\"><img loading=\"lazy\" decoding=\"async\" class=\"alignnone size-medium wp-image-1450\" src=\"http:\/\/joelahtmemkk.ee\/wp-content\/uploads\/2019\/02\/diplom-300x225.jpg\" alt=\"\" width=\"300\" height=\"225\" srcset=\"http:\/\/joelahtmemkk.ee\/wp-content\/uploads\/2019\/02\/diplom-300x225.jpg 300w, http:\/\/joelahtmemkk.ee\/wp-content\/uploads\/2019\/02\/diplom-768x576.jpg 768w, http:\/\/joelahtmemkk.ee\/wp-content\/uploads\/2019\/02\/diplom-1024x768.jpg 1024w, http:\/\/joelahtmemkk.ee\/wp-content\/uploads\/2019\/02\/diplom-400x300.jpg 400w, http:\/\/joelahtmemkk.ee\/wp-content\/uploads\/2019\/02\/diplom.jpg 1728w\" sizes=\"auto, (max-width: 300px) 100vw, 300px\" \/><\/a><\/p>\n","protected":false},"excerpt":{"rendered":"<p>20. veebruaril toimus Keila Muusikakoolis konkursi &#8220;Parim noor instrumentalist 2019&#8221; Loode-Eesti piirkonna klaverikonkurss. J\u00f5el\u00e4htme MKK-st osales konkursil 2 \u00f5pilast &#8211; Kristelle Ratnik (\u00f5p. Sandra Vaagen) ja Anna Loginova (\u00f5p. Tiina Muddi). Kristelle sai konkursil diplomi ja Anna II koha. Palju \u00f5nne tublidele \u00f5pilastele ja nende \u00f5petajatele!<\/p>\n","protected":false},"author":4,"featured_media":0,"comment_status":"closed","ping_status":"closed","sticky":false,"template":"","format":"standard","meta":{"footnotes":""},"categories":[1],"tags":[],"class_list":["post-1448","post","type-post","status-publish","format-standard","hentry","category-maaratlemata"],"_links":{"self":[{"href":"http:\/\/joelahtmemkk.ee\/index.php?rest_route=\/wp\/v2\/posts\/1448","targetHints":{"allow":["GET"]}}],"collection":[{"href":"http:\/\/joelahtmemkk.ee\/index.php?rest_route=\/wp\/v2\/posts"}],"about":[{"href":"http:\/\/joelahtmemkk.ee\/index.php?rest_route=\/wp\/v2\/types\/post"}],"author":[{"embeddable":true,"href":"http:\/\/joelahtmemkk.ee\/index.php?rest_route=\/wp\/v2\/users\/4"}],"replies":[{"embeddable":true,"href":"http:\/\/joelahtmemkk.ee\/index.php?rest_route=%2Fwp%2Fv2%2Fcomments&post=1448"}],"version-history":[{"count":1,"href":"http:\/\/joelahtmemkk.ee\/index.php?rest_route=\/wp\/v2\/posts\/1448\/revisions"}],"predecessor-version":[{"id":1451,"href":"http:\/\/joelahtmemkk.ee\/index.php?rest_route=\/wp\/v2\/posts\/1448\/revisions\/1451"}],"wp:attachment":[{"href":"http:\/\/joelahtmemkk.ee\/index.php?rest_route=%2Fwp%2Fv2%2Fmedia&parent=1448"}],"wp:term":[{"taxonomy":"category","embeddable":true,"href":"http:\/\/joelahtmemkk.ee\/index.php?rest_route=%2Fwp%2Fv2%2Fcategories&post=1448"},{"taxonomy":"post_tag","embeddable":true,"href":"http:\/\/joelahtmemkk.ee\/index.php?rest_route=%2Fwp%2Fv2%2Ftags&post=1448"}],"curies":[{"name":"wp","href":"https:\/\/api.w.org\/{rel}","templated":true}]}}