{"id":1490,"date":"2019-04-08T10:08:08","date_gmt":"2019-04-08T07:08:08","guid":{"rendered":"http:\/\/joelahtmemkk.ee\/?p=1490"},"modified":"2019-04-08T10:08:08","modified_gmt":"2019-04-08T07:08:08","slug":"lasteteatrite-festival-2019-varviline-kostuumiladu","status":"publish","type":"post","link":"http:\/\/joelahtmemkk.ee\/?p=1490","title":{"rendered":"Lasteteatrite festival 2019 &#8220;V\u00e4rviline kost\u00fc\u00fcmiladu&#8221;"},"content":{"rendered":"<p><span id=\"fbPhotoSnowliftCaption\" class=\"fbPhotosPhotoCaption\" tabindex=\"0\" data-ft=\"{&quot;tn&quot;:&quot;K&quot;}\"><span class=\"hasCaption\">Teatrikuul olid Loo kunstiosakonna \u00f5pilased ametis teatrikunstnikena. Valminud paberkost\u00fc\u00fcme ja kost\u00fc\u00fcmikavandeid saab n\u00e4ha 6. aprillil J\u00f5el\u00e4htme Rahvamajas J\u00f5el\u00e4htme Lasteteatrite Festivalil 2019 n\u00e4itusel &#8220;V\u00e4rviline kost\u00fc\u00fcmiladu&#8221;<\/span><\/span><\/p>\n<p><a href=\"http:\/\/joelahtmemkk.ee\/wp-content\/uploads\/2019\/04\/V\u00e4rviline-kost\u00fc\u00fcmiladu.jpg\"><img loading=\"lazy\" decoding=\"async\" class=\"alignnone size-medium wp-image-1491\" src=\"http:\/\/joelahtmemkk.ee\/wp-content\/uploads\/2019\/04\/V\u00e4rviline-kost\u00fc\u00fcmiladu-300x233.jpg\" alt=\"\" width=\"300\" height=\"233\" srcset=\"http:\/\/joelahtmemkk.ee\/wp-content\/uploads\/2019\/04\/V\u00e4rviline-kost\u00fc\u00fcmiladu-300x233.jpg 300w, http:\/\/joelahtmemkk.ee\/wp-content\/uploads\/2019\/04\/V\u00e4rviline-kost\u00fc\u00fcmiladu-768x598.jpg 768w, http:\/\/joelahtmemkk.ee\/wp-content\/uploads\/2019\/04\/V\u00e4rviline-kost\u00fc\u00fcmiladu-1024x797.jpg 1024w, http:\/\/joelahtmemkk.ee\/wp-content\/uploads\/2019\/04\/V\u00e4rviline-kost\u00fc\u00fcmiladu-386x300.jpg 386w, http:\/\/joelahtmemkk.ee\/wp-content\/uploads\/2019\/04\/V\u00e4rviline-kost\u00fc\u00fcmiladu.jpg 1847w\" sizes=\"auto, (max-width: 300px) 100vw, 300px\" \/><\/a><\/p>\n","protected":false},"excerpt":{"rendered":"<p>Teatrikuul olid Loo kunstiosakonna \u00f5pilased ametis teatrikunstnikena. Valminud paberkost\u00fc\u00fcme ja kost\u00fc\u00fcmikavandeid saab n\u00e4ha 6. aprillil J\u00f5el\u00e4htme Rahvamajas J\u00f5el\u00e4htme Lasteteatrite Festivalil 2019 n\u00e4itusel &#8220;V\u00e4rviline kost\u00fc\u00fcmiladu&#8221;<\/p>\n","protected":false},"author":4,"featured_media":0,"comment_status":"closed","ping_status":"closed","sticky":false,"template":"","format":"standard","meta":{"footnotes":""},"categories":[1],"tags":[],"class_list":["post-1490","post","type-post","status-publish","format-standard","hentry","category-maaratlemata"],"_links":{"self":[{"href":"http:\/\/joelahtmemkk.ee\/index.php?rest_route=\/wp\/v2\/posts\/1490","targetHints":{"allow":["GET"]}}],"collection":[{"href":"http:\/\/joelahtmemkk.ee\/index.php?rest_route=\/wp\/v2\/posts"}],"about":[{"href":"http:\/\/joelahtmemkk.ee\/index.php?rest_route=\/wp\/v2\/types\/post"}],"author":[{"embeddable":true,"href":"http:\/\/joelahtmemkk.ee\/index.php?rest_route=\/wp\/v2\/users\/4"}],"replies":[{"embeddable":true,"href":"http:\/\/joelahtmemkk.ee\/index.php?rest_route=%2Fwp%2Fv2%2Fcomments&post=1490"}],"version-history":[{"count":1,"href":"http:\/\/joelahtmemkk.ee\/index.php?rest_route=\/wp\/v2\/posts\/1490\/revisions"}],"predecessor-version":[{"id":1492,"href":"http:\/\/joelahtmemkk.ee\/index.php?rest_route=\/wp\/v2\/posts\/1490\/revisions\/1492"}],"wp:attachment":[{"href":"http:\/\/joelahtmemkk.ee\/index.php?rest_route=%2Fwp%2Fv2%2Fmedia&parent=1490"}],"wp:term":[{"taxonomy":"category","embeddable":true,"href":"http:\/\/joelahtmemkk.ee\/index.php?rest_route=%2Fwp%2Fv2%2Fcategories&post=1490"},{"taxonomy":"post_tag","embeddable":true,"href":"http:\/\/joelahtmemkk.ee\/index.php?rest_route=%2Fwp%2Fv2%2Ftags&post=1490"}],"curies":[{"name":"wp","href":"https:\/\/api.w.org\/{rel}","templated":true}]}}