{"id":1494,"date":"2019-04-09T10:14:28","date_gmt":"2019-04-09T07:14:28","guid":{"rendered":"http:\/\/joelahtmemkk.ee\/?p=1494"},"modified":"2019-04-09T12:07:12","modified_gmt":"2019-04-09T09:07:12","slug":"loode-eesti-regionaalne-akordionikonkurss","status":"publish","type":"post","link":"http:\/\/joelahtmemkk.ee\/?p=1494","title":{"rendered":"Loode-Eesti regionaalne akordionikonkurss 06.04.2019"},"content":{"rendered":"<p>6. aprillil toimus Loode-Eesti regiooni akordionikonkurss, mille korraldajaks oli juba teist aastat J\u00f5el\u00e4htme MKK. Seega toimus konkurss Lool muusika- ja kunstikooli ruumides. J\u00f5el\u00e4htme MKK-st v\u00f5ttis konkursist osa kaks \u00f5pilast &#8211; Siim Lehtma, kes saavutas I koha ja Iiris Aus, kes saavutas III koha. Palju \u00f5nne Siimule ja Iirisele ning nende \u00f5petaja Eve Vendtile!<\/p>\n<p><a href=\"http:\/\/joelahtmemkk.ee\/wp-content\/uploads\/2019\/04\/56742489_386682421922787_4223243657144172544_n.jpg\"><img loading=\"lazy\" decoding=\"async\" class=\"alignnone size-medium wp-image-1498\" src=\"http:\/\/joelahtmemkk.ee\/wp-content\/uploads\/2019\/04\/56742489_386682421922787_4223243657144172544_n-225x300.jpg\" alt=\"\" width=\"225\" height=\"300\" srcset=\"http:\/\/joelahtmemkk.ee\/wp-content\/uploads\/2019\/04\/56742489_386682421922787_4223243657144172544_n-225x300.jpg 225w, http:\/\/joelahtmemkk.ee\/wp-content\/uploads\/2019\/04\/56742489_386682421922787_4223243657144172544_n.jpg 720w\" sizes=\"auto, (max-width: 225px) 100vw, 225px\" \/><\/a> <a href=\"http:\/\/joelahtmemkk.ee\/wp-content\/uploads\/2019\/04\/56589679_386682451922784_4643578190709653504_n.jpg\"><img loading=\"lazy\" decoding=\"async\" class=\"alignnone size-medium wp-image-1497\" src=\"http:\/\/joelahtmemkk.ee\/wp-content\/uploads\/2019\/04\/56589679_386682451922784_4643578190709653504_n-225x300.jpg\" alt=\"\" width=\"225\" height=\"300\" srcset=\"http:\/\/joelahtmemkk.ee\/wp-content\/uploads\/2019\/04\/56589679_386682451922784_4643578190709653504_n-225x300.jpg 225w, http:\/\/joelahtmemkk.ee\/wp-content\/uploads\/2019\/04\/56589679_386682451922784_4643578190709653504_n.jpg 720w\" sizes=\"auto, (max-width: 225px) 100vw, 225px\" \/><\/a><\/p>\n","protected":false},"excerpt":{"rendered":"<p>6. aprillil toimus Loode-Eesti regiooni akordionikonkurss, mille korraldajaks oli juba teist aastat J\u00f5el\u00e4htme MKK. Seega toimus konkurss Lool muusika- ja kunstikooli ruumides. J\u00f5el\u00e4htme MKK-st v\u00f5ttis konkursist osa kaks \u00f5pilast &#8211; Siim Lehtma, kes saavutas I koha ja Iiris Aus, kes saavutas III koha. Palju \u00f5nne Siimule ja Iirisele ning nende \u00f5petaja Eve Vendtile!<\/p>\n","protected":false},"author":4,"featured_media":0,"comment_status":"closed","ping_status":"closed","sticky":false,"template":"","format":"standard","meta":{"footnotes":""},"categories":[1],"tags":[],"class_list":["post-1494","post","type-post","status-publish","format-standard","hentry","category-maaratlemata"],"_links":{"self":[{"href":"http:\/\/joelahtmemkk.ee\/index.php?rest_route=\/wp\/v2\/posts\/1494","targetHints":{"allow":["GET"]}}],"collection":[{"href":"http:\/\/joelahtmemkk.ee\/index.php?rest_route=\/wp\/v2\/posts"}],"about":[{"href":"http:\/\/joelahtmemkk.ee\/index.php?rest_route=\/wp\/v2\/types\/post"}],"author":[{"embeddable":true,"href":"http:\/\/joelahtmemkk.ee\/index.php?rest_route=\/wp\/v2\/users\/4"}],"replies":[{"embeddable":true,"href":"http:\/\/joelahtmemkk.ee\/index.php?rest_route=%2Fwp%2Fv2%2Fcomments&post=1494"}],"version-history":[{"count":2,"href":"http:\/\/joelahtmemkk.ee\/index.php?rest_route=\/wp\/v2\/posts\/1494\/revisions"}],"predecessor-version":[{"id":1500,"href":"http:\/\/joelahtmemkk.ee\/index.php?rest_route=\/wp\/v2\/posts\/1494\/revisions\/1500"}],"wp:attachment":[{"href":"http:\/\/joelahtmemkk.ee\/index.php?rest_route=%2Fwp%2Fv2%2Fmedia&parent=1494"}],"wp:term":[{"taxonomy":"category","embeddable":true,"href":"http:\/\/joelahtmemkk.ee\/index.php?rest_route=%2Fwp%2Fv2%2Fcategories&post=1494"},{"taxonomy":"post_tag","embeddable":true,"href":"http:\/\/joelahtmemkk.ee\/index.php?rest_route=%2Fwp%2Fv2%2Ftags&post=1494"}],"curies":[{"name":"wp","href":"https:\/\/api.w.org\/{rel}","templated":true}]}}