{"id":1526,"date":"2019-05-23T10:14:17","date_gmt":"2019-05-23T07:14:17","guid":{"rendered":"http:\/\/joelahtmemkk.ee\/?p=1526"},"modified":"2019-05-23T10:14:17","modified_gmt":"2019-05-23T07:14:17","slug":"kandlefestival-leedus-18-19-mail-2019","status":"publish","type":"post","link":"http:\/\/joelahtmemkk.ee\/?p=1526","title":{"rendered":"Kandlefestival Leedus 18.-19. mail 2019"},"content":{"rendered":"<p>18.-19. mail toimus Leedus \u0160iauliais VI P. Stepulio kammeransamblite konkurss, kus Eestit k\u00e4is esindamas J\u00f5el\u00e4htme Muusika- ja Kunstikooli kandleansambel &#8220;S\u00f5brad&#8221;, koosseisus Marta Mia Laur, Hanna Liis Esnar ja Moonika Voitka, juhendajaks \u00f5p. Ann Kase.<\/p>\n<p>Ansambel saavutas esimeses vanuser\u00fchmas edasiarendatud rahvapillide kategoorias II koha!<span class=\"_5mfr\"><span class=\"_6qdm\">\ud83e\udd48<\/span><\/span><span class=\"_5mfr\"><span class=\"_6qdm\">\ud83d\udc4f<\/span><\/span><br \/>\nPalju \u00f5nne tublidele kandlem\u00e4ngijatele ja \u00f5p. Ann Kasele!<\/p>\n<p><a href=\"http:\/\/joelahtmemkk.ee\/wp-content\/uploads\/2019\/05\/Kandleansambel-Leedus-konkursil-mai-2019-II.jpeg\"><img loading=\"lazy\" decoding=\"async\" class=\"alignnone size-medium wp-image-1527\" src=\"http:\/\/joelahtmemkk.ee\/wp-content\/uploads\/2019\/05\/Kandleansambel-Leedus-konkursil-mai-2019-II-300x200.jpeg\" alt=\"\" width=\"300\" height=\"200\" srcset=\"http:\/\/joelahtmemkk.ee\/wp-content\/uploads\/2019\/05\/Kandleansambel-Leedus-konkursil-mai-2019-II-300x200.jpeg 300w, http:\/\/joelahtmemkk.ee\/wp-content\/uploads\/2019\/05\/Kandleansambel-Leedus-konkursil-mai-2019-II-768x512.jpeg 768w, http:\/\/joelahtmemkk.ee\/wp-content\/uploads\/2019\/05\/Kandleansambel-Leedus-konkursil-mai-2019-II-1024x683.jpeg 1024w, http:\/\/joelahtmemkk.ee\/wp-content\/uploads\/2019\/05\/Kandleansambel-Leedus-konkursil-mai-2019-II-450x300.jpeg 450w\" sizes=\"auto, (max-width: 300px) 100vw, 300px\" \/><\/a> <a href=\"http:\/\/joelahtmemkk.ee\/wp-content\/uploads\/2019\/05\/Kandleansambel-Leedus-konkursil-mai-2019.jpeg\"><img loading=\"lazy\" decoding=\"async\" class=\"alignnone size-medium wp-image-1528\" src=\"http:\/\/joelahtmemkk.ee\/wp-content\/uploads\/2019\/05\/Kandleansambel-Leedus-konkursil-mai-2019-200x300.jpeg\" alt=\"\" width=\"200\" height=\"300\" srcset=\"http:\/\/joelahtmemkk.ee\/wp-content\/uploads\/2019\/05\/Kandleansambel-Leedus-konkursil-mai-2019-200x300.jpeg 200w, http:\/\/joelahtmemkk.ee\/wp-content\/uploads\/2019\/05\/Kandleansambel-Leedus-konkursil-mai-2019-768x1152.jpeg 768w, http:\/\/joelahtmemkk.ee\/wp-content\/uploads\/2019\/05\/Kandleansambel-Leedus-konkursil-mai-2019-683x1024.jpeg 683w, http:\/\/joelahtmemkk.ee\/wp-content\/uploads\/2019\/05\/Kandleansambel-Leedus-konkursil-mai-2019.jpeg 1728w\" sizes=\"auto, (max-width: 200px) 100vw, 200px\" \/><\/a> <a href=\"http:\/\/joelahtmemkk.ee\/wp-content\/uploads\/2019\/05\/Kandlekonkursi-diplom-mai-2019.jpg\"><img loading=\"lazy\" decoding=\"async\" class=\"alignnone size-medium wp-image-1529\" src=\"http:\/\/joelahtmemkk.ee\/wp-content\/uploads\/2019\/05\/Kandlekonkursi-diplom-mai-2019-225x300.jpg\" alt=\"\" width=\"225\" height=\"300\" srcset=\"http:\/\/joelahtmemkk.ee\/wp-content\/uploads\/2019\/05\/Kandlekonkursi-diplom-mai-2019-225x300.jpg 225w, http:\/\/joelahtmemkk.ee\/wp-content\/uploads\/2019\/05\/Kandlekonkursi-diplom-mai-2019.jpg 708w\" sizes=\"auto, (max-width: 225px) 100vw, 225px\" \/><\/a><\/p>\n","protected":false},"excerpt":{"rendered":"<p>18.-19. mail toimus Leedus \u0160iauliais VI P. Stepulio kammeransamblite konkurss, kus Eestit k\u00e4is esindamas J\u00f5el\u00e4htme Muusika- ja Kunstikooli kandleansambel &#8220;S\u00f5brad&#8221;, koosseisus Marta Mia Laur, Hanna Liis Esnar ja Moonika Voitka, juhendajaks \u00f5p. Ann Kase. Ansambel saavutas esimeses vanuser\u00fchmas edasiarendatud rahvapillide kategoorias II koha!\ud83e\udd48\ud83d\udc4f Palju \u00f5nne tublidele kandlem\u00e4ngijatele ja \u00f5p. Ann Kasele!<\/p>\n","protected":false},"author":4,"featured_media":0,"comment_status":"closed","ping_status":"closed","sticky":false,"template":"","format":"standard","meta":{"footnotes":""},"categories":[1],"tags":[],"class_list":["post-1526","post","type-post","status-publish","format-standard","hentry","category-maaratlemata"],"_links":{"self":[{"href":"http:\/\/joelahtmemkk.ee\/index.php?rest_route=\/wp\/v2\/posts\/1526","targetHints":{"allow":["GET"]}}],"collection":[{"href":"http:\/\/joelahtmemkk.ee\/index.php?rest_route=\/wp\/v2\/posts"}],"about":[{"href":"http:\/\/joelahtmemkk.ee\/index.php?rest_route=\/wp\/v2\/types\/post"}],"author":[{"embeddable":true,"href":"http:\/\/joelahtmemkk.ee\/index.php?rest_route=\/wp\/v2\/users\/4"}],"replies":[{"embeddable":true,"href":"http:\/\/joelahtmemkk.ee\/index.php?rest_route=%2Fwp%2Fv2%2Fcomments&post=1526"}],"version-history":[{"count":1,"href":"http:\/\/joelahtmemkk.ee\/index.php?rest_route=\/wp\/v2\/posts\/1526\/revisions"}],"predecessor-version":[{"id":1530,"href":"http:\/\/joelahtmemkk.ee\/index.php?rest_route=\/wp\/v2\/posts\/1526\/revisions\/1530"}],"wp:attachment":[{"href":"http:\/\/joelahtmemkk.ee\/index.php?rest_route=%2Fwp%2Fv2%2Fmedia&parent=1526"}],"wp:term":[{"taxonomy":"category","embeddable":true,"href":"http:\/\/joelahtmemkk.ee\/index.php?rest_route=%2Fwp%2Fv2%2Fcategories&post=1526"},{"taxonomy":"post_tag","embeddable":true,"href":"http:\/\/joelahtmemkk.ee\/index.php?rest_route=%2Fwp%2Fv2%2Ftags&post=1526"}],"curies":[{"name":"wp","href":"https:\/\/api.w.org\/{rel}","templated":true}]}}