{"id":1771,"date":"2020-10-12T14:49:10","date_gmt":"2020-10-12T11:49:10","guid":{"rendered":"http:\/\/joelahtmemkk.ee\/?p=1771"},"modified":"2020-10-13T10:43:38","modified_gmt":"2020-10-13T07:43:38","slug":"rahvusvaheline-konkurss-balti-laine-2020","status":"publish","type":"post","link":"http:\/\/joelahtmemkk.ee\/?p=1771","title":{"rendered":"Rahvusvaheline konkurss \u201eBalti laine 2020\u201c"},"content":{"rendered":"<p>11. oktoobril osalesid J\u00f5el\u00e4htme MKK klaverieriala \u00f5pilased Sofia Salina Haugas (\u00f5p. Jelena Perepeljatnik) ja Elina Ivanova (\u00f5p. Amalia T\u0161itt\u0161jan) rahvusvahelisel konkursil &#8220;Balti laine 2020&#8221;. Sofia Salina saavutas konkursil I koha ja Elina III koha.<\/p>\n<p>Palju \u00f5nne \u00f5pilastele ja nende \u00f5petajatele!<\/p>\n<p><a href=\"http:\/\/joelahtmemkk.ee\/wp-content\/uploads\/2020\/10\/Elina-Ivanova-ja-\u00f5p.-A.-T\u0161itt\u0161jan.jpg\"><img loading=\"lazy\" decoding=\"async\" class=\"alignnone size-medium wp-image-1775\" src=\"http:\/\/joelahtmemkk.ee\/wp-content\/uploads\/2020\/10\/Elina-Ivanova-ja-\u00f5p.-A.-T\u0161itt\u0161jan-300x225.jpg\" alt=\"\" width=\"300\" height=\"225\" srcset=\"http:\/\/joelahtmemkk.ee\/wp-content\/uploads\/2020\/10\/Elina-Ivanova-ja-\u00f5p.-A.-T\u0161itt\u0161jan-300x225.jpg 300w, http:\/\/joelahtmemkk.ee\/wp-content\/uploads\/2020\/10\/Elina-Ivanova-ja-\u00f5p.-A.-T\u0161itt\u0161jan-768x576.jpg 768w, http:\/\/joelahtmemkk.ee\/wp-content\/uploads\/2020\/10\/Elina-Ivanova-ja-\u00f5p.-A.-T\u0161itt\u0161jan-400x300.jpg 400w, http:\/\/joelahtmemkk.ee\/wp-content\/uploads\/2020\/10\/Elina-Ivanova-ja-\u00f5p.-A.-T\u0161itt\u0161jan.jpg 960w\" sizes=\"auto, (max-width: 300px) 100vw, 300px\" \/><\/a> <a href=\"http:\/\/joelahtmemkk.ee\/wp-content\/uploads\/2020\/10\/Sofia-Salina-Haugas-ja-\u00f5p.-J.-Perepeljatnik.jpg\"><img loading=\"lazy\" decoding=\"async\" class=\"alignnone size-medium wp-image-1776\" src=\"http:\/\/joelahtmemkk.ee\/wp-content\/uploads\/2020\/10\/Sofia-Salina-Haugas-ja-\u00f5p.-J.-Perepeljatnik-225x300.jpg\" alt=\"\" width=\"225\" height=\"300\" srcset=\"http:\/\/joelahtmemkk.ee\/wp-content\/uploads\/2020\/10\/Sofia-Salina-Haugas-ja-\u00f5p.-J.-Perepeljatnik-225x300.jpg 225w, http:\/\/joelahtmemkk.ee\/wp-content\/uploads\/2020\/10\/Sofia-Salina-Haugas-ja-\u00f5p.-J.-Perepeljatnik-768x1024.jpg 768w, http:\/\/joelahtmemkk.ee\/wp-content\/uploads\/2020\/10\/Sofia-Salina-Haugas-ja-\u00f5p.-J.-Perepeljatnik.jpg 1200w\" sizes=\"auto, (max-width: 225px) 100vw, 225px\" \/><\/a><\/p>\n","protected":false},"excerpt":{"rendered":"<p>11. oktoobril osalesid J\u00f5el\u00e4htme MKK klaverieriala \u00f5pilased Sofia Salina Haugas (\u00f5p. Jelena Perepeljatnik) ja Elina Ivanova (\u00f5p. Amalia T\u0161itt\u0161jan) rahvusvahelisel konkursil &#8220;Balti laine 2020&#8221;. Sofia Salina saavutas konkursil I koha ja Elina III koha. Palju \u00f5nne \u00f5pilastele ja nende \u00f5petajatele!<\/p>\n","protected":false},"author":4,"featured_media":0,"comment_status":"closed","ping_status":"closed","sticky":false,"template":"","format":"standard","meta":{"footnotes":""},"categories":[1],"tags":[],"class_list":["post-1771","post","type-post","status-publish","format-standard","hentry","category-maaratlemata"],"_links":{"self":[{"href":"http:\/\/joelahtmemkk.ee\/index.php?rest_route=\/wp\/v2\/posts\/1771","targetHints":{"allow":["GET"]}}],"collection":[{"href":"http:\/\/joelahtmemkk.ee\/index.php?rest_route=\/wp\/v2\/posts"}],"about":[{"href":"http:\/\/joelahtmemkk.ee\/index.php?rest_route=\/wp\/v2\/types\/post"}],"author":[{"embeddable":true,"href":"http:\/\/joelahtmemkk.ee\/index.php?rest_route=\/wp\/v2\/users\/4"}],"replies":[{"embeddable":true,"href":"http:\/\/joelahtmemkk.ee\/index.php?rest_route=%2Fwp%2Fv2%2Fcomments&post=1771"}],"version-history":[{"count":4,"href":"http:\/\/joelahtmemkk.ee\/index.php?rest_route=\/wp\/v2\/posts\/1771\/revisions"}],"predecessor-version":[{"id":1777,"href":"http:\/\/joelahtmemkk.ee\/index.php?rest_route=\/wp\/v2\/posts\/1771\/revisions\/1777"}],"wp:attachment":[{"href":"http:\/\/joelahtmemkk.ee\/index.php?rest_route=%2Fwp%2Fv2%2Fmedia&parent=1771"}],"wp:term":[{"taxonomy":"category","embeddable":true,"href":"http:\/\/joelahtmemkk.ee\/index.php?rest_route=%2Fwp%2Fv2%2Fcategories&post=1771"},{"taxonomy":"post_tag","embeddable":true,"href":"http:\/\/joelahtmemkk.ee\/index.php?rest_route=%2Fwp%2Fv2%2Ftags&post=1771"}],"curies":[{"name":"wp","href":"https:\/\/api.w.org\/{rel}","templated":true}]}}