{"id":1961,"date":"2021-06-14T10:39:45","date_gmt":"2021-06-14T07:39:45","guid":{"rendered":"http:\/\/joelahtmemkk.ee\/?p=1961"},"modified":"2021-06-14T10:39:45","modified_gmt":"2021-06-14T07:39:45","slug":"joelahtme-mkk-kunstiosakonna-opilastoode-kevadnaitus","status":"publish","type":"post","link":"http:\/\/joelahtmemkk.ee\/?p=1961","title":{"rendered":"J\u00f5el\u00e4htme MKK kunstiosakonna \u00f5pilast\u00f6\u00f6de kevadn\u00e4itus"},"content":{"rendered":"<div class=\"kvgmc6g5 cxmmr5t8 oygrvhab hcukyx3x c1et5uql ii04i59q\">\n<div dir=\"auto\"><a href=\"http:\/\/joelahtmemkk.ee\/wp-content\/uploads\/2021\/06\/2021-kevadn\u00e4ituse-kuulutus.jpg\"><img loading=\"lazy\" decoding=\"async\" class=\"alignnone size-medium wp-image-1962\" src=\"http:\/\/joelahtmemkk.ee\/wp-content\/uploads\/2021\/06\/2021-kevadn\u00e4ituse-kuulutus-221x300.jpg\" alt=\"\" width=\"221\" height=\"300\" srcset=\"http:\/\/joelahtmemkk.ee\/wp-content\/uploads\/2021\/06\/2021-kevadn\u00e4ituse-kuulutus-221x300.jpg 221w, http:\/\/joelahtmemkk.ee\/wp-content\/uploads\/2021\/06\/2021-kevadn\u00e4ituse-kuulutus-768x1045.jpg 768w, http:\/\/joelahtmemkk.ee\/wp-content\/uploads\/2021\/06\/2021-kevadn\u00e4ituse-kuulutus-753x1024.jpg 753w\" sizes=\"auto, (max-width: 221px) 100vw, 221px\" \/><\/a><\/div>\n<div dir=\"auto\">Traditsiooniline Loo ja Kostivere kunsti\u00f5pilaste kevadn\u00e4itus \u00f5ppeaasta jooksul valminud t\u00f6\u00f6dest j\u00e4lle Kostivere Kultuurim\u00f5isa verandal avatud! Olete oodatud vaatama!<\/div>\n<\/div>\n<div class=\"o9v6fnle cxmmr5t8 oygrvhab hcukyx3x c1et5uql ii04i59q\">\n<div dir=\"auto\">SUUR AIT\u00c4H K\u00d5IGILE LAPSEVANEMATELE, kes olid distants\u00f5ppe ajal oma lastele toeks &#8211; on saanud neid abistada, nendega koos maalida, joonistada ja kunstiajalugu uurida!<\/div>\n<\/div>\n<div class=\"o9v6fnle cxmmr5t8 oygrvhab hcukyx3x c1et5uql ii04i59q\">\n<div dir=\"auto\">T\u00e4nu <a class=\"oajrlxb2 g5ia77u1 qu0x051f esr5mh6w e9989ue4 r7d6kgcz rq0escxv nhd2j8a9 nc684nl6 p7hjln8o kvgmc6g5 cxmmr5t8 oygrvhab hcukyx3x jb3vyjys rz4wbd8a qt6c0cv9 a8nywdso i1ao9s8h esuyzwwr f1sip0of lzcic4wl q66pz984 gpro0wi8 b1v8xokw\" tabindex=\"0\" href=\"https:\/\/www.facebook.com\/unginst\/?__cft__[0]=AZU0SIJBhz5jz9RKfM2rv-YB3v9A-JtXMKuJaZv4UTHsDNzM3kJYtYOKtiLGbGAGYc2RRpfyxW2MqhIeyaahgvBvyuvlppp3B-SlRnEqsElnXCpbhPKgyrt_AoO2Jzgshi5aL5nVY2Y25DRaxlzqrBdib4od-YAmd5k79ZsZCzhzYQ&amp;__tn__=kK-R\"><span class=\"nc684nl6\">Ungari Kultuuri Instituut Tallinn \/ Magyar Kultur\u00e1lis Int\u00e9zet Tallinn<\/span><\/a> pildiraamide ja -aluste eest! Saame edaspidi veel paremini oma kunstit\u00f6id teha ja neid n\u00e4itustele v\u00e4lja panna.<\/div>\n<\/div>\n<div class=\"o9v6fnle cxmmr5t8 oygrvhab hcukyx3x c1et5uql ii04i59q\">\n<div dir=\"auto\">\u00d5pilast\u00f6\u00f6de n\u00e4ituse kuulutuse kujunduses on kasutatud Loo IV p\u00f5hikooli \u00f5pilase Sandra Sooviku paberl\u00f5ike-akvarelli segatehnikas t\u00f6\u00f6d.<\/div>\n<\/div>\n<div dir=\"auto\"><a href=\"http:\/\/joelahtmemkk.ee\/wp-content\/uploads\/2021\/06\/Ylevaatenaitus-Kostiveres-3.jpg\"><img loading=\"lazy\" decoding=\"async\" class=\"alignnone size-medium wp-image-1964\" src=\"http:\/\/joelahtmemkk.ee\/wp-content\/uploads\/2021\/06\/Ylevaatenaitus-Kostiveres-3-300x225.jpg\" alt=\"\" width=\"300\" height=\"225\" srcset=\"http:\/\/joelahtmemkk.ee\/wp-content\/uploads\/2021\/06\/Ylevaatenaitus-Kostiveres-3-300x225.jpg 300w, http:\/\/joelahtmemkk.ee\/wp-content\/uploads\/2021\/06\/Ylevaatenaitus-Kostiveres-3-768x576.jpg 768w, http:\/\/joelahtmemkk.ee\/wp-content\/uploads\/2021\/06\/Ylevaatenaitus-Kostiveres-3-1024x768.jpg 1024w, http:\/\/joelahtmemkk.ee\/wp-content\/uploads\/2021\/06\/Ylevaatenaitus-Kostiveres-3-400x300.jpg 400w\" sizes=\"auto, (max-width: 300px) 100vw, 300px\" \/><\/a> <a href=\"http:\/\/joelahtmemkk.ee\/wp-content\/uploads\/2021\/06\/Ylevaatenaitus-Kostiveres-1.jpg\"><img loading=\"lazy\" decoding=\"async\" class=\"alignnone size-medium wp-image-1963\" src=\"http:\/\/joelahtmemkk.ee\/wp-content\/uploads\/2021\/06\/Ylevaatenaitus-Kostiveres-1-300x225.jpg\" alt=\"\" width=\"300\" height=\"225\" srcset=\"http:\/\/joelahtmemkk.ee\/wp-content\/uploads\/2021\/06\/Ylevaatenaitus-Kostiveres-1-300x225.jpg 300w, http:\/\/joelahtmemkk.ee\/wp-content\/uploads\/2021\/06\/Ylevaatenaitus-Kostiveres-1-768x576.jpg 768w, http:\/\/joelahtmemkk.ee\/wp-content\/uploads\/2021\/06\/Ylevaatenaitus-Kostiveres-1-1024x768.jpg 1024w, http:\/\/joelahtmemkk.ee\/wp-content\/uploads\/2021\/06\/Ylevaatenaitus-Kostiveres-1-400x300.jpg 400w\" sizes=\"auto, (max-width: 300px) 100vw, 300px\" \/><\/a><\/div>\n<div dir=\"auto\"><\/div>\n","protected":false},"excerpt":{"rendered":"<p>Traditsiooniline Loo ja Kostivere kunsti\u00f5pilaste kevadn\u00e4itus \u00f5ppeaasta jooksul valminud t\u00f6\u00f6dest j\u00e4lle Kostivere Kultuurim\u00f5isa verandal avatud! Olete oodatud vaatama! SUUR AIT\u00c4H K\u00d5IGILE LAPSEVANEMATELE, kes olid distants\u00f5ppe ajal oma lastele toeks &#8211; on saanud neid abistada, nendega koos maalida, joonistada ja kunstiajalugu uurida! T\u00e4nu Ungari Kultuuri Instituut Tallinn \/ Magyar Kultur\u00e1lis Int\u00e9zet Tallinn pildiraamide ja -aluste eest! Saame edaspidi veel paremini oma kunstit\u00f6id teha ja neid n\u00e4itustele v\u00e4lja panna. \u00d5pilast\u00f6\u00f6de n\u00e4ituse kuulutuse kujunduses on kasutatud Loo IV p\u00f5hikooli \u00f5pilase Sandra Sooviku paberl\u00f5ike-akvarelli segatehnikas t\u00f6\u00f6d.<\/p>\n","protected":false},"author":4,"featured_media":0,"comment_status":"closed","ping_status":"closed","sticky":false,"template":"","format":"standard","meta":{"footnotes":""},"categories":[1],"tags":[],"class_list":["post-1961","post","type-post","status-publish","format-standard","hentry","category-maaratlemata"],"_links":{"self":[{"href":"http:\/\/joelahtmemkk.ee\/index.php?rest_route=\/wp\/v2\/posts\/1961","targetHints":{"allow":["GET"]}}],"collection":[{"href":"http:\/\/joelahtmemkk.ee\/index.php?rest_route=\/wp\/v2\/posts"}],"about":[{"href":"http:\/\/joelahtmemkk.ee\/index.php?rest_route=\/wp\/v2\/types\/post"}],"author":[{"embeddable":true,"href":"http:\/\/joelahtmemkk.ee\/index.php?rest_route=\/wp\/v2\/users\/4"}],"replies":[{"embeddable":true,"href":"http:\/\/joelahtmemkk.ee\/index.php?rest_route=%2Fwp%2Fv2%2Fcomments&post=1961"}],"version-history":[{"count":1,"href":"http:\/\/joelahtmemkk.ee\/index.php?rest_route=\/wp\/v2\/posts\/1961\/revisions"}],"predecessor-version":[{"id":1965,"href":"http:\/\/joelahtmemkk.ee\/index.php?rest_route=\/wp\/v2\/posts\/1961\/revisions\/1965"}],"wp:attachment":[{"href":"http:\/\/joelahtmemkk.ee\/index.php?rest_route=%2Fwp%2Fv2%2Fmedia&parent=1961"}],"wp:term":[{"taxonomy":"category","embeddable":true,"href":"http:\/\/joelahtmemkk.ee\/index.php?rest_route=%2Fwp%2Fv2%2Fcategories&post=1961"},{"taxonomy":"post_tag","embeddable":true,"href":"http:\/\/joelahtmemkk.ee\/index.php?rest_route=%2Fwp%2Fv2%2Ftags&post=1961"}],"curies":[{"name":"wp","href":"https:\/\/api.w.org\/{rel}","templated":true}]}}