{"id":3516,"date":"2025-06-02T10:37:05","date_gmt":"2025-06-02T07:37:05","guid":{"rendered":"http:\/\/joelahtmemkk.ee\/?p=3516"},"modified":"2025-06-02T10:37:05","modified_gmt":"2025-06-02T07:37:05","slug":"op-hetle-piusi-ja-amalia-tsittsjani-opilaste-kevadkontsert","status":"publish","type":"post","link":"http:\/\/joelahtmemkk.ee\/?p=3516","title":{"rendered":"\u00d5p. Hetle Piusi ja Amalia T\u0161itt\u0161jani \u00f5pilaste kevadkontsert"},"content":{"rendered":"<p>Kolmap\u00e4eval, 28. mai \u00f5htul toimus j\u00e4rjekordne kontsert, kus esinesid \u00f5petaja Herle plokk- ja p\u00f5ikfl\u00f6\u00f6di \u00f5pilased ning \u00f5petaja Amalia klaveri\u00f5pilased. Tegemist oli taas \u00fche vahva kontserdiga. Ait\u00e4h k\u00f5ikidele toreda \u00f5htu eest!<\/p>\n<p><a href=\"http:\/\/joelahtmemkk.ee\/wp-content\/uploads\/2025\/06\/502450866_17912628915106683_6509907957414553780_n.jpg\"><img loading=\"lazy\" decoding=\"async\" class=\"alignnone size-medium wp-image-3517\" src=\"http:\/\/joelahtmemkk.ee\/wp-content\/uploads\/2025\/06\/502450866_17912628915106683_6509907957414553780_n-300x200.jpg\" alt=\"\" width=\"300\" height=\"200\" srcset=\"http:\/\/joelahtmemkk.ee\/wp-content\/uploads\/2025\/06\/502450866_17912628915106683_6509907957414553780_n-300x200.jpg 300w, http:\/\/joelahtmemkk.ee\/wp-content\/uploads\/2025\/06\/502450866_17912628915106683_6509907957414553780_n-1024x683.jpg 1024w, http:\/\/joelahtmemkk.ee\/wp-content\/uploads\/2025\/06\/502450866_17912628915106683_6509907957414553780_n-768x512.jpg 768w, http:\/\/joelahtmemkk.ee\/wp-content\/uploads\/2025\/06\/502450866_17912628915106683_6509907957414553780_n-1140x760.jpg 1140w, http:\/\/joelahtmemkk.ee\/wp-content\/uploads\/2025\/06\/502450866_17912628915106683_6509907957414553780_n.jpg 1440w\" sizes=\"auto, (max-width: 300px) 100vw, 300px\" \/><\/a><\/p>\n","protected":false},"excerpt":{"rendered":"<p>Kolmap\u00e4eval, 28. mai \u00f5htul toimus j\u00e4rjekordne kontsert, kus esinesid \u00f5petaja Herle plokk- ja p\u00f5ikfl\u00f6\u00f6di \u00f5pilased ning \u00f5petaja Amalia klaveri\u00f5pilased. Tegemist oli taas \u00fche vahva kontserdiga. Ait\u00e4h k\u00f5ikidele toreda \u00f5htu eest!<\/p>\n","protected":false},"author":4,"featured_media":0,"comment_status":"closed","ping_status":"closed","sticky":false,"template":"","format":"standard","meta":{"footnotes":""},"categories":[1],"tags":[],"class_list":["post-3516","post","type-post","status-publish","format-standard","hentry","category-maaratlemata"],"_links":{"self":[{"href":"http:\/\/joelahtmemkk.ee\/index.php?rest_route=\/wp\/v2\/posts\/3516","targetHints":{"allow":["GET"]}}],"collection":[{"href":"http:\/\/joelahtmemkk.ee\/index.php?rest_route=\/wp\/v2\/posts"}],"about":[{"href":"http:\/\/joelahtmemkk.ee\/index.php?rest_route=\/wp\/v2\/types\/post"}],"author":[{"embeddable":true,"href":"http:\/\/joelahtmemkk.ee\/index.php?rest_route=\/wp\/v2\/users\/4"}],"replies":[{"embeddable":true,"href":"http:\/\/joelahtmemkk.ee\/index.php?rest_route=%2Fwp%2Fv2%2Fcomments&post=3516"}],"version-history":[{"count":1,"href":"http:\/\/joelahtmemkk.ee\/index.php?rest_route=\/wp\/v2\/posts\/3516\/revisions"}],"predecessor-version":[{"id":3518,"href":"http:\/\/joelahtmemkk.ee\/index.php?rest_route=\/wp\/v2\/posts\/3516\/revisions\/3518"}],"wp:attachment":[{"href":"http:\/\/joelahtmemkk.ee\/index.php?rest_route=%2Fwp%2Fv2%2Fmedia&parent=3516"}],"wp:term":[{"taxonomy":"category","embeddable":true,"href":"http:\/\/joelahtmemkk.ee\/index.php?rest_route=%2Fwp%2Fv2%2Fcategories&post=3516"},{"taxonomy":"post_tag","embeddable":true,"href":"http:\/\/joelahtmemkk.ee\/index.php?rest_route=%2Fwp%2Fv2%2Ftags&post=3516"}],"curies":[{"name":"wp","href":"https:\/\/api.w.org\/{rel}","templated":true}]}}