{"id":3586,"date":"2025-11-27T11:59:09","date_gmt":"2025-11-27T09:59:09","guid":{"rendered":"http:\/\/joelahtmemkk.ee\/?p=3586"},"modified":"2025-11-27T11:59:09","modified_gmt":"2025-11-27T09:59:09","slug":"isadepaeva-kontsert-viimsi-raamatukogus","status":"publish","type":"post","link":"http:\/\/joelahtmemkk.ee\/?p=3586","title":{"rendered":"Isadep\u00e4eva kontsert Viimsi raamatukogus"},"content":{"rendered":"<div class=\"xdj266r x14z9mp xat24cr x1lziwak x1vvkbs x126k92a\">\n<div dir=\"auto\">9. novembril t\u00e4histasime vahvat isadep\u00e4eva \u00fche toreda muinasjututegelaste kontserdiga. Lisaks meie kooli \u00f5pilastele astusid \u00fcles ka Neeme kooli laululapsed \u00f5p. Kristiina Rebase juhendamisel. Ait\u00e4h \u00f5p. Kristiina Are m\u00f5tte eest ja \u00f5petajad Sandra N\u00f5mm, Amalia T\u0161itt\u0161jan, Ann Kase, Tiina V\u00e4lja ja Miia Polding kaasa aitamast.<\/div>\n<\/div>\n<div class=\"x14z9mp xat24cr x1lziwak x1vvkbs xtlvy1s x126k92a\">\n<div dir=\"auto\">Ilusat isadep\u00e4eva k\u00f5ikidele!<\/div>\n<div dir=\"auto\"><a href=\"http:\/\/joelahtmemkk.ee\/wp-content\/uploads\/2025\/11\/575651390_17932742802106683_8591714439709487983_n.jpg\"><img loading=\"lazy\" decoding=\"async\" class=\"alignnone size-medium wp-image-3587\" src=\"http:\/\/joelahtmemkk.ee\/wp-content\/uploads\/2025\/11\/575651390_17932742802106683_8591714439709487983_n-300x200.jpg\" alt=\"\" width=\"300\" height=\"200\" srcset=\"http:\/\/joelahtmemkk.ee\/wp-content\/uploads\/2025\/11\/575651390_17932742802106683_8591714439709487983_n-300x200.jpg 300w, http:\/\/joelahtmemkk.ee\/wp-content\/uploads\/2025\/11\/575651390_17932742802106683_8591714439709487983_n-1024x683.jpg 1024w, http:\/\/joelahtmemkk.ee\/wp-content\/uploads\/2025\/11\/575651390_17932742802106683_8591714439709487983_n-768x512.jpg 768w, http:\/\/joelahtmemkk.ee\/wp-content\/uploads\/2025\/11\/575651390_17932742802106683_8591714439709487983_n-1140x760.jpg 1140w, http:\/\/joelahtmemkk.ee\/wp-content\/uploads\/2025\/11\/575651390_17932742802106683_8591714439709487983_n.jpg 1440w\" sizes=\"auto, (max-width: 300px) 100vw, 300px\" \/><\/a><\/div>\n<\/div>\n","protected":false},"excerpt":{"rendered":"<p>9. novembril t\u00e4histasime vahvat isadep\u00e4eva \u00fche toreda muinasjututegelaste kontserdiga. Lisaks meie kooli \u00f5pilastele astusid \u00fcles ka Neeme kooli laululapsed \u00f5p. Kristiina Rebase juhendamisel. Ait\u00e4h \u00f5p. Kristiina Are m\u00f5tte eest ja \u00f5petajad Sandra N\u00f5mm, Amalia T\u0161itt\u0161jan, Ann Kase, Tiina V\u00e4lja ja Miia Polding kaasa aitamast. Ilusat isadep\u00e4eva k\u00f5ikidele!<\/p>\n","protected":false},"author":4,"featured_media":0,"comment_status":"closed","ping_status":"closed","sticky":false,"template":"","format":"standard","meta":{"footnotes":""},"categories":[1],"tags":[],"class_list":["post-3586","post","type-post","status-publish","format-standard","hentry","category-maaratlemata"],"_links":{"self":[{"href":"http:\/\/joelahtmemkk.ee\/index.php?rest_route=\/wp\/v2\/posts\/3586","targetHints":{"allow":["GET"]}}],"collection":[{"href":"http:\/\/joelahtmemkk.ee\/index.php?rest_route=\/wp\/v2\/posts"}],"about":[{"href":"http:\/\/joelahtmemkk.ee\/index.php?rest_route=\/wp\/v2\/types\/post"}],"author":[{"embeddable":true,"href":"http:\/\/joelahtmemkk.ee\/index.php?rest_route=\/wp\/v2\/users\/4"}],"replies":[{"embeddable":true,"href":"http:\/\/joelahtmemkk.ee\/index.php?rest_route=%2Fwp%2Fv2%2Fcomments&post=3586"}],"version-history":[{"count":1,"href":"http:\/\/joelahtmemkk.ee\/index.php?rest_route=\/wp\/v2\/posts\/3586\/revisions"}],"predecessor-version":[{"id":3588,"href":"http:\/\/joelahtmemkk.ee\/index.php?rest_route=\/wp\/v2\/posts\/3586\/revisions\/3588"}],"wp:attachment":[{"href":"http:\/\/joelahtmemkk.ee\/index.php?rest_route=%2Fwp%2Fv2%2Fmedia&parent=3586"}],"wp:term":[{"taxonomy":"category","embeddable":true,"href":"http:\/\/joelahtmemkk.ee\/index.php?rest_route=%2Fwp%2Fv2%2Fcategories&post=3586"},{"taxonomy":"post_tag","embeddable":true,"href":"http:\/\/joelahtmemkk.ee\/index.php?rest_route=%2Fwp%2Fv2%2Ftags&post=3586"}],"curies":[{"name":"wp","href":"https:\/\/api.w.org\/{rel}","templated":true}]}}