{"id":3692,"date":"2026-03-16T12:45:47","date_gmt":"2026-03-16T10:45:47","guid":{"rendered":"http:\/\/joelahtmemkk.ee\/?p=3692"},"modified":"2026-03-16T12:45:47","modified_gmt":"2026-03-16T10:45:47","slug":"vabariiklik-akordionikonkurss-parim-noor-instrumentalist-2026","status":"publish","type":"post","link":"http:\/\/joelahtmemkk.ee\/?p=3692","title":{"rendered":"Vabariiklik akordionikonkurss &#8220;Parim noor instrumentalist 2026&#8221;"},"content":{"rendered":"<p>T\u00e4na toimus aga samuti Viljandi muusikakoolis akordionite konkurss &#8220;Parim noor instrumentalist&#8221;. Sealt v\u00f5ttis osa meie tubli akordionim\u00e4ngija Koit Oliver Esnar, kes sai 26 lapse konkurentsis I vanuser\u00fchmas diplomi. Palju \u00f5nne nii Koit Oliverile kui \u00f5petaja Tiina V\u00e4ljale ja edu j\u00e4rgmisteks kordadeks! <span class=\"html-span xexx8yu xyri2b x18d9i69 x1c1uobl x1hl2dhg x16tdsg8 x1vvkbs x3nfvp2 x1j61x8r x1fcty0u xdj266r xat24cr xm2jcoa x1mpyi22 xxymvpz xlup9mm x1kky2od\"><img loading=\"lazy\" decoding=\"async\" class=\"xz74otr x15mokao x1ga7v0g x16uus16 xbiv7yw\" src=\"https:\/\/static.xx.fbcdn.net\/images\/emoji.php\/v9\/t3d\/1\/16\/1f3c5.png\" alt=\"\ud83c\udfc5\" width=\"16\" height=\"16\" \/><\/span><\/p>\n<p><a href=\"http:\/\/joelahtmemkk.ee\/wp-content\/uploads\/2026\/03\/649605508_17951218749106683_3726445010544234317_n.jpg\"><img loading=\"lazy\" decoding=\"async\" class=\"alignnone size-medium wp-image-3693\" src=\"http:\/\/joelahtmemkk.ee\/wp-content\/uploads\/2026\/03\/649605508_17951218749106683_3726445010544234317_n-225x300.jpg\" alt=\"\" width=\"225\" height=\"300\" srcset=\"http:\/\/joelahtmemkk.ee\/wp-content\/uploads\/2026\/03\/649605508_17951218749106683_3726445010544234317_n-225x300.jpg 225w, http:\/\/joelahtmemkk.ee\/wp-content\/uploads\/2026\/03\/649605508_17951218749106683_3726445010544234317_n.jpg 526w\" sizes=\"auto, (max-width: 225px) 100vw, 225px\" \/><\/a><\/p>\n","protected":false},"excerpt":{"rendered":"<p>T\u00e4na toimus aga samuti Viljandi muusikakoolis akordionite konkurss &#8220;Parim noor instrumentalist&#8221;. Sealt v\u00f5ttis osa meie tubli akordionim\u00e4ngija Koit Oliver Esnar, kes sai 26 lapse konkurentsis I vanuser\u00fchmas diplomi. Palju \u00f5nne nii Koit Oliverile kui \u00f5petaja Tiina V\u00e4ljale ja edu j\u00e4rgmisteks kordadeks!<\/p>\n","protected":false},"author":4,"featured_media":0,"comment_status":"closed","ping_status":"closed","sticky":false,"template":"","format":"standard","meta":{"footnotes":""},"categories":[1],"tags":[],"class_list":["post-3692","post","type-post","status-publish","format-standard","hentry","category-maaratlemata"],"_links":{"self":[{"href":"http:\/\/joelahtmemkk.ee\/index.php?rest_route=\/wp\/v2\/posts\/3692","targetHints":{"allow":["GET"]}}],"collection":[{"href":"http:\/\/joelahtmemkk.ee\/index.php?rest_route=\/wp\/v2\/posts"}],"about":[{"href":"http:\/\/joelahtmemkk.ee\/index.php?rest_route=\/wp\/v2\/types\/post"}],"author":[{"embeddable":true,"href":"http:\/\/joelahtmemkk.ee\/index.php?rest_route=\/wp\/v2\/users\/4"}],"replies":[{"embeddable":true,"href":"http:\/\/joelahtmemkk.ee\/index.php?rest_route=%2Fwp%2Fv2%2Fcomments&post=3692"}],"version-history":[{"count":1,"href":"http:\/\/joelahtmemkk.ee\/index.php?rest_route=\/wp\/v2\/posts\/3692\/revisions"}],"predecessor-version":[{"id":3694,"href":"http:\/\/joelahtmemkk.ee\/index.php?rest_route=\/wp\/v2\/posts\/3692\/revisions\/3694"}],"wp:attachment":[{"href":"http:\/\/joelahtmemkk.ee\/index.php?rest_route=%2Fwp%2Fv2%2Fmedia&parent=3692"}],"wp:term":[{"taxonomy":"category","embeddable":true,"href":"http:\/\/joelahtmemkk.ee\/index.php?rest_route=%2Fwp%2Fv2%2Fcategories&post=3692"},{"taxonomy":"post_tag","embeddable":true,"href":"http:\/\/joelahtmemkk.ee\/index.php?rest_route=%2Fwp%2Fv2%2Ftags&post=3692"}],"curies":[{"name":"wp","href":"https:\/\/api.w.org\/{rel}","templated":true}]}}