{"id":3755,"date":"2026-04-27T10:23:32","date_gmt":"2026-04-27T07:23:32","guid":{"rendered":"http:\/\/joelahtmemkk.ee\/?p=3755"},"modified":"2026-04-27T10:23:32","modified_gmt":"2026-04-27T07:23:32","slug":"pohja-eesti-loppkontsert-parim-noor-instrumentalist","status":"publish","type":"post","link":"http:\/\/joelahtmemkk.ee\/?p=3755","title":{"rendered":"P\u00f5hja-Eesti l\u00f5ppkontsert &#8220;Parim noor instrumentalist&#8221;"},"content":{"rendered":"<p>Laup\u00e4eval, 25.04 toimus &#8220;Parim noor instrumentalist&#8221; p\u00f5hja-eesti l\u00f5ppkontsert, kus anti karikad k\u00f5ikidele, kes sel aastal vabariiklikel konkursitel I &#8211; III koha said. Meie kooli esindas Getter J\u00fcrna, kes sai kandlekonkursil <span class=\"html-span xexx8yu xyri2b x18d9i69 x1c1uobl x1hl2dhg x16tdsg8 x1vvkbs x3nfvp2 x1j61x8r x1fcty0u xdj266r xat24cr xm2jcoa x1mpyi22 xxymvpz xlup9mm x1kky2od\"><img loading=\"lazy\" decoding=\"async\" class=\"xz74otr x15mokao x1ga7v0g x16uus16 xbiv7yw\" src=\"https:\/\/static.xx.fbcdn.net\/images\/emoji.php\/v9\/t96\/1\/16\/1f949.png\" alt=\"\ud83e\udd49\" width=\"16\" height=\"16\" \/><\/span> koha. Palju \u00f5nne!<\/p>\n<p><a href=\"http:\/\/joelahtmemkk.ee\/wp-content\/uploads\/2026\/04\/674523106_17963195823106683_1099441362393142314_n.jpg\"><img loading=\"lazy\" decoding=\"async\" class=\"alignnone size-medium wp-image-3756\" src=\"http:\/\/joelahtmemkk.ee\/wp-content\/uploads\/2026\/04\/674523106_17963195823106683_1099441362393142314_n-225x300.jpg\" alt=\"\" width=\"225\" height=\"300\" srcset=\"http:\/\/joelahtmemkk.ee\/wp-content\/uploads\/2026\/04\/674523106_17963195823106683_1099441362393142314_n-225x300.jpg 225w, http:\/\/joelahtmemkk.ee\/wp-content\/uploads\/2026\/04\/674523106_17963195823106683_1099441362393142314_n-768x1024.jpg 768w, http:\/\/joelahtmemkk.ee\/wp-content\/uploads\/2026\/04\/674523106_17963195823106683_1099441362393142314_n-1152x1536.jpg 1152w, http:\/\/joelahtmemkk.ee\/wp-content\/uploads\/2026\/04\/674523106_17963195823106683_1099441362393142314_n-1140x1520.jpg 1140w, http:\/\/joelahtmemkk.ee\/wp-content\/uploads\/2026\/04\/674523106_17963195823106683_1099441362393142314_n.jpg 1440w\" sizes=\"auto, (max-width: 225px) 100vw, 225px\" \/><\/a><\/p>\n","protected":false},"excerpt":{"rendered":"<p>Laup\u00e4eval, 25.04 toimus &#8220;Parim noor instrumentalist&#8221; p\u00f5hja-eesti l\u00f5ppkontsert, kus anti karikad k\u00f5ikidele, kes sel aastal vabariiklikel konkursitel I &#8211; III koha said. Meie kooli esindas Getter J\u00fcrna, kes sai kandlekonkursil koha. Palju \u00f5nne!<\/p>\n","protected":false},"author":4,"featured_media":0,"comment_status":"closed","ping_status":"closed","sticky":false,"template":"","format":"standard","meta":{"footnotes":""},"categories":[1],"tags":[],"class_list":["post-3755","post","type-post","status-publish","format-standard","hentry","category-maaratlemata"],"_links":{"self":[{"href":"http:\/\/joelahtmemkk.ee\/index.php?rest_route=\/wp\/v2\/posts\/3755","targetHints":{"allow":["GET"]}}],"collection":[{"href":"http:\/\/joelahtmemkk.ee\/index.php?rest_route=\/wp\/v2\/posts"}],"about":[{"href":"http:\/\/joelahtmemkk.ee\/index.php?rest_route=\/wp\/v2\/types\/post"}],"author":[{"embeddable":true,"href":"http:\/\/joelahtmemkk.ee\/index.php?rest_route=\/wp\/v2\/users\/4"}],"replies":[{"embeddable":true,"href":"http:\/\/joelahtmemkk.ee\/index.php?rest_route=%2Fwp%2Fv2%2Fcomments&post=3755"}],"version-history":[{"count":1,"href":"http:\/\/joelahtmemkk.ee\/index.php?rest_route=\/wp\/v2\/posts\/3755\/revisions"}],"predecessor-version":[{"id":3757,"href":"http:\/\/joelahtmemkk.ee\/index.php?rest_route=\/wp\/v2\/posts\/3755\/revisions\/3757"}],"wp:attachment":[{"href":"http:\/\/joelahtmemkk.ee\/index.php?rest_route=%2Fwp%2Fv2%2Fmedia&parent=3755"}],"wp:term":[{"taxonomy":"category","embeddable":true,"href":"http:\/\/joelahtmemkk.ee\/index.php?rest_route=%2Fwp%2Fv2%2Fcategories&post=3755"},{"taxonomy":"post_tag","embeddable":true,"href":"http:\/\/joelahtmemkk.ee\/index.php?rest_route=%2Fwp%2Fv2%2Ftags&post=3755"}],"curies":[{"name":"wp","href":"https:\/\/api.w.org\/{rel}","templated":true}]}}