{"id":3758,"date":"2026-04-27T10:24:32","date_gmt":"2026-04-27T07:24:32","guid":{"rendered":"http:\/\/joelahtmemkk.ee\/?p=3758"},"modified":"2026-04-27T10:24:32","modified_gmt":"2026-04-27T07:24:32","slug":"joelahtme-valla-laste-laulukonkurss-joelahtme-laululaps-2026","status":"publish","type":"post","link":"http:\/\/joelahtmemkk.ee\/?p=3758","title":{"rendered":"J\u00f5el\u00e4htme valla laste laulukonkurss &#8220;J\u00f5el\u00e4htme laululaps 2026&#8221;"},"content":{"rendered":"<div dir=\"auto\">Eile, 26. aprillil toimus traditsiooniline J\u00f5el\u00e4htme valla laste laulukonkurss &#8220;J\u00f5el\u00e4htme laululaps 2026&#8221;.<\/div>\n<div dir=\"auto\">Lauluv\u00f5istlusest v\u00f5tsid osa ka J\u00f5el\u00e4htme MKK laulueriala \u00f5pilased.<\/div>\n<div dir=\"auto\">K\u00f5ik osalejad said tunnustatud.<\/div>\n<div dir=\"auto\">10-12 aastaste vanuser\u00fchmas saavutasid eripreemia Mirtel Vinni ja Lisanne Rohtla.<\/div>\n<div dir=\"auto\">13-15 aastaste vanuser\u00fchmas saavutas eripreemia Adele Remmel ning I koha Katarina Laudver.<\/div>\n<div dir=\"auto\">Palju \u00f5nne! Esinesite k\u00f5ik v\u00e4ga h\u00e4sti!<\/div>\n<div dir=\"auto\">T\u00e4name ka \u00f5pilaste juhendajat Evelin Samueli ja soovime palju \u00f5nne!<\/div>\n<div dir=\"auto\">T\u00e4name ka laulu kontsertmeister Martin Ainsalut.<\/div>\n<div dir=\"auto\"><a href=\"http:\/\/joelahtmemkk.ee\/wp-content\/uploads\/2026\/04\/683317649_1466668881918759_917205496767831185_n.jpg\"><img loading=\"lazy\" decoding=\"async\" class=\"alignnone size-medium wp-image-3759\" src=\"http:\/\/joelahtmemkk.ee\/wp-content\/uploads\/2026\/04\/683317649_1466668881918759_917205496767831185_n-225x300.jpg\" alt=\"\" width=\"225\" height=\"300\" srcset=\"http:\/\/joelahtmemkk.ee\/wp-content\/uploads\/2026\/04\/683317649_1466668881918759_917205496767831185_n-225x300.jpg 225w, http:\/\/joelahtmemkk.ee\/wp-content\/uploads\/2026\/04\/683317649_1466668881918759_917205496767831185_n-768x1024.jpg 768w, http:\/\/joelahtmemkk.ee\/wp-content\/uploads\/2026\/04\/683317649_1466668881918759_917205496767831185_n-1152x1536.jpg 1152w, http:\/\/joelahtmemkk.ee\/wp-content\/uploads\/2026\/04\/683317649_1466668881918759_917205496767831185_n-1140x1520.jpg 1140w, http:\/\/joelahtmemkk.ee\/wp-content\/uploads\/2026\/04\/683317649_1466668881918759_917205496767831185_n.jpg 1536w\" sizes=\"auto, (max-width: 225px) 100vw, 225px\" \/><\/a><\/div>\n","protected":false},"excerpt":{"rendered":"<p>Eile, 26. aprillil toimus traditsiooniline J\u00f5el\u00e4htme valla laste laulukonkurss &#8220;J\u00f5el\u00e4htme laululaps 2026&#8221;. Lauluv\u00f5istlusest v\u00f5tsid osa ka J\u00f5el\u00e4htme MKK laulueriala \u00f5pilased. K\u00f5ik osalejad said tunnustatud. 10-12 aastaste vanuser\u00fchmas saavutasid eripreemia Mirtel Vinni ja Lisanne Rohtla. 13-15 aastaste vanuser\u00fchmas saavutas eripreemia Adele Remmel ning I koha Katarina Laudver. Palju \u00f5nne! Esinesite k\u00f5ik v\u00e4ga h\u00e4sti! T\u00e4name ka \u00f5pilaste juhendajat Evelin Samueli ja soovime palju \u00f5nne! T\u00e4name ka laulu kontsertmeister Martin Ainsalut.<\/p>\n","protected":false},"author":4,"featured_media":0,"comment_status":"closed","ping_status":"closed","sticky":false,"template":"","format":"standard","meta":{"footnotes":""},"categories":[1],"tags":[],"class_list":["post-3758","post","type-post","status-publish","format-standard","hentry","category-maaratlemata"],"_links":{"self":[{"href":"http:\/\/joelahtmemkk.ee\/index.php?rest_route=\/wp\/v2\/posts\/3758","targetHints":{"allow":["GET"]}}],"collection":[{"href":"http:\/\/joelahtmemkk.ee\/index.php?rest_route=\/wp\/v2\/posts"}],"about":[{"href":"http:\/\/joelahtmemkk.ee\/index.php?rest_route=\/wp\/v2\/types\/post"}],"author":[{"embeddable":true,"href":"http:\/\/joelahtmemkk.ee\/index.php?rest_route=\/wp\/v2\/users\/4"}],"replies":[{"embeddable":true,"href":"http:\/\/joelahtmemkk.ee\/index.php?rest_route=%2Fwp%2Fv2%2Fcomments&post=3758"}],"version-history":[{"count":1,"href":"http:\/\/joelahtmemkk.ee\/index.php?rest_route=\/wp\/v2\/posts\/3758\/revisions"}],"predecessor-version":[{"id":3760,"href":"http:\/\/joelahtmemkk.ee\/index.php?rest_route=\/wp\/v2\/posts\/3758\/revisions\/3760"}],"wp:attachment":[{"href":"http:\/\/joelahtmemkk.ee\/index.php?rest_route=%2Fwp%2Fv2%2Fmedia&parent=3758"}],"wp:term":[{"taxonomy":"category","embeddable":true,"href":"http:\/\/joelahtmemkk.ee\/index.php?rest_route=%2Fwp%2Fv2%2Fcategories&post=3758"},{"taxonomy":"post_tag","embeddable":true,"href":"http:\/\/joelahtmemkk.ee\/index.php?rest_route=%2Fwp%2Fv2%2Ftags&post=3758"}],"curies":[{"name":"wp","href":"https:\/\/api.w.org\/{rel}","templated":true}]}}