{"id":589,"date":"2015-11-26T15:01:18","date_gmt":"2015-11-26T13:01:18","guid":{"rendered":"http:\/\/joelahtmemkk.ee\/?p=589"},"modified":"2015-11-30T13:13:56","modified_gmt":"2015-11-30T11:13:56","slug":"joulukontserdid-2015","status":"publish","type":"post","link":"http:\/\/joelahtmemkk.ee\/?p=589","title":{"rendered":"J\u00f5ulukontserdid 2015"},"content":{"rendered":"<p style=\"text-align: left;\">L 5. dets.\u00a0\u00a0 \u00a0\u00a0\u00a0\u00a0\u00a0 Kontsert J\u00f5el\u00e4htme kirikus kell 12.00<\/p>\n<p>T 8. dets.\u00a0\u00a0\u00a0\u00a0\u00a0\u00a0\u00a0\u00a0 Klaveri- ja kitarrieriala \u00f5pilaste kontsert Loo Kultuurikeskuses kell 18.30<\/p>\n<p>K 9.dets.\u00a0\u00a0\u00a0\u00a0\u00a0\u00a0\u00a0\u00a0 J\u00f5ulukontsert Neeme kooli saalis kell 18.00<\/p>\n<p>R 11. dets.\u00a0\u00a0\u00a0\u00a0\u00a0 J\u00f5ulukontsert Kostivere m\u00f5isa saalis kell 18.00<\/p>\n<p>E 14.dets.\u00a0\u00a0\u00a0\u00a0\u00a0\u00a0\u00a0 Kontsert Tallinna Keskraamatukogu saalis (esinevad \u00f5p. Mailis Kamariku, Anneli Oidekivi ja Herle Piusi \u00f5pilased) kell 17.45<\/p>\n<p>T 15. dets.\u00a0\u00a0\u00a0\u00a0\u00a0\u00a0 \u00f5p. Virve L\u00e4\u00e4ne ja \u00f5p. Eve Vendti \u00f5pilaste kontsert Loo kooli saalis<\/p>\n<p>&nbsp;<\/p>\n<p style=\"text-align: center;\"><a href=\"http:\/\/joelahtmemkk.ee\/wordpress\/wp-content\/uploads\/2015\/11\/239576.jpg\"><img loading=\"lazy\" decoding=\"async\" class=\"alignnone size-medium wp-image-590\" alt=\"239576\" src=\"http:\/\/joelahtmemkk.ee\/wordpress\/wp-content\/uploads\/2015\/11\/239576-300x187.jpg\" width=\"320\" height=\"205\" \/><\/a><\/p>\n","protected":false},"excerpt":{"rendered":"<p>L 5. dets.\u00a0\u00a0 \u00a0\u00a0\u00a0\u00a0\u00a0 Kontsert J\u00f5el\u00e4htme kirikus kell 12.00 T 8. dets.\u00a0\u00a0\u00a0\u00a0\u00a0\u00a0\u00a0\u00a0 Klaveri- ja kitarrieriala \u00f5pilaste kontsert Loo Kultuurikeskuses kell 18.30 K 9.dets.\u00a0\u00a0\u00a0\u00a0\u00a0\u00a0\u00a0\u00a0 J\u00f5ulukontsert Neeme kooli saalis kell 18.00 R 11. dets.\u00a0\u00a0\u00a0\u00a0\u00a0 J\u00f5ulukontsert Kostivere m\u00f5isa saalis kell 18.00 E 14.dets.\u00a0\u00a0\u00a0\u00a0\u00a0\u00a0\u00a0 Kontsert Tallinna Keskraamatukogu saalis (esinevad \u00f5p. Mailis Kamariku, Anneli Oidekivi ja Herle Piusi \u00f5pilased) kell 17.45 T 15. dets.\u00a0\u00a0\u00a0\u00a0\u00a0\u00a0 \u00f5p. Virve L\u00e4\u00e4ne ja \u00f5p. Eve Vendti \u00f5pilaste kontsert Loo kooli saalis &nbsp;<\/p>\n","protected":false},"author":3,"featured_media":0,"comment_status":"closed","ping_status":"closed","sticky":false,"template":"","format":"standard","meta":{"footnotes":""},"categories":[1],"tags":[],"class_list":["post-589","post","type-post","status-publish","format-standard","hentry","category-maaratlemata"],"_links":{"self":[{"href":"http:\/\/joelahtmemkk.ee\/index.php?rest_route=\/wp\/v2\/posts\/589","targetHints":{"allow":["GET"]}}],"collection":[{"href":"http:\/\/joelahtmemkk.ee\/index.php?rest_route=\/wp\/v2\/posts"}],"about":[{"href":"http:\/\/joelahtmemkk.ee\/index.php?rest_route=\/wp\/v2\/types\/post"}],"author":[{"embeddable":true,"href":"http:\/\/joelahtmemkk.ee\/index.php?rest_route=\/wp\/v2\/users\/3"}],"replies":[{"embeddable":true,"href":"http:\/\/joelahtmemkk.ee\/index.php?rest_route=%2Fwp%2Fv2%2Fcomments&post=589"}],"version-history":[{"count":6,"href":"http:\/\/joelahtmemkk.ee\/index.php?rest_route=\/wp\/v2\/posts\/589\/revisions"}],"predecessor-version":[{"id":597,"href":"http:\/\/joelahtmemkk.ee\/index.php?rest_route=\/wp\/v2\/posts\/589\/revisions\/597"}],"wp:attachment":[{"href":"http:\/\/joelahtmemkk.ee\/index.php?rest_route=%2Fwp%2Fv2%2Fmedia&parent=589"}],"wp:term":[{"taxonomy":"category","embeddable":true,"href":"http:\/\/joelahtmemkk.ee\/index.php?rest_route=%2Fwp%2Fv2%2Fcategories&post=589"},{"taxonomy":"post_tag","embeddable":true,"href":"http:\/\/joelahtmemkk.ee\/index.php?rest_route=%2Fwp%2Fv2%2Ftags&post=589"}],"curies":[{"name":"wp","href":"https:\/\/api.w.org\/{rel}","templated":true}]}}