{"id":615,"date":"2016-02-08T13:33:45","date_gmt":"2016-02-08T11:33:45","guid":{"rendered":"http:\/\/joelahtmemkk.ee\/?p=615"},"modified":"2016-02-08T13:39:39","modified_gmt":"2016-02-08T11:39:39","slug":"allegro-festival-06-02-2016","status":"publish","type":"post","link":"http:\/\/joelahtmemkk.ee\/?p=615","title":{"rendered":"Festival ,,Allegro&#8221; 06.02.2016"},"content":{"rendered":"<p>6. veebruaril toimus klaveriansamblite festival ,,Allegro&#8221; G. Otsa nim. Tallinna Muusikakoolis.<\/p>\n<p>&nbsp;<\/p>\n<p>J\u00f5el\u00e4htme Muusika- ja Kunstikoolist osalesid:<\/p>\n<p>Sabiine Eliise Nurmse ja Isabel Kotkas (\u00f5p. Mailis Kamarik),<\/p>\n<p>Andra Pahkma ja Jaanika Kaup (\u00f5p. Svetlana Silt\u0161enko),<\/p>\n<p>Mari Moor ja Emili V\u00e4lkmann (\u00f5p. Sandra Vaagen).<\/p>\n<p>&nbsp;<\/p>\n<p>T\u00e4name k\u00f5iki osalejaid!<\/p>\n<p><a href=\"http:\/\/joelahtmemkk.ee\/wordpress\/wp-content\/uploads\/2016\/02\/IMG_4898.jpg\"><img loading=\"lazy\" decoding=\"async\" class=\"alignnone size-medium wp-image-616\" alt=\"IMG_4898\" src=\"http:\/\/joelahtmemkk.ee\/wordpress\/wp-content\/uploads\/2016\/02\/IMG_4898-300x200.jpg\" width=\"300\" height=\"200\" srcset=\"http:\/\/joelahtmemkk.ee\/wp-content\/uploads\/2016\/02\/IMG_4898-300x200.jpg 300w, http:\/\/joelahtmemkk.ee\/wp-content\/uploads\/2016\/02\/IMG_4898-1024x682.jpg 1024w, http:\/\/joelahtmemkk.ee\/wp-content\/uploads\/2016\/02\/IMG_4898-450x300.jpg 450w\" sizes=\"auto, (max-width: 300px) 100vw, 300px\" \/><\/a><\/p>\n<p><a href=\"http:\/\/joelahtmemkk.ee\/wordpress\/wp-content\/uploads\/2016\/02\/IMG_4934.jpg\"><img loading=\"lazy\" decoding=\"async\" class=\"alignnone size-medium wp-image-620\" alt=\"IMG_4934\" src=\"http:\/\/joelahtmemkk.ee\/wordpress\/wp-content\/uploads\/2016\/02\/IMG_4934-300x200.jpg\" width=\"300\" height=\"200\" srcset=\"http:\/\/joelahtmemkk.ee\/wp-content\/uploads\/2016\/02\/IMG_4934-300x200.jpg 300w, http:\/\/joelahtmemkk.ee\/wp-content\/uploads\/2016\/02\/IMG_4934-1024x682.jpg 1024w, http:\/\/joelahtmemkk.ee\/wp-content\/uploads\/2016\/02\/IMG_4934-450x300.jpg 450w\" sizes=\"auto, (max-width: 300px) 100vw, 300px\" \/><\/a><\/p>\n","protected":false},"excerpt":{"rendered":"<p>6. veebruaril toimus klaveriansamblite festival ,,Allegro&#8221; G. Otsa nim. Tallinna Muusikakoolis. &nbsp; J\u00f5el\u00e4htme Muusika- ja Kunstikoolist osalesid: Sabiine Eliise Nurmse ja Isabel Kotkas (\u00f5p. Mailis Kamarik), Andra Pahkma ja Jaanika Kaup (\u00f5p. Svetlana Silt\u0161enko), Mari Moor ja Emili V\u00e4lkmann (\u00f5p. Sandra Vaagen). &nbsp; T\u00e4name k\u00f5iki osalejaid!<\/p>\n","protected":false},"author":3,"featured_media":0,"comment_status":"closed","ping_status":"closed","sticky":false,"template":"","format":"standard","meta":{"footnotes":""},"categories":[1],"tags":[],"class_list":["post-615","post","type-post","status-publish","format-standard","hentry","category-maaratlemata"],"_links":{"self":[{"href":"http:\/\/joelahtmemkk.ee\/index.php?rest_route=\/wp\/v2\/posts\/615","targetHints":{"allow":["GET"]}}],"collection":[{"href":"http:\/\/joelahtmemkk.ee\/index.php?rest_route=\/wp\/v2\/posts"}],"about":[{"href":"http:\/\/joelahtmemkk.ee\/index.php?rest_route=\/wp\/v2\/types\/post"}],"author":[{"embeddable":true,"href":"http:\/\/joelahtmemkk.ee\/index.php?rest_route=\/wp\/v2\/users\/3"}],"replies":[{"embeddable":true,"href":"http:\/\/joelahtmemkk.ee\/index.php?rest_route=%2Fwp%2Fv2%2Fcomments&post=615"}],"version-history":[{"count":8,"href":"http:\/\/joelahtmemkk.ee\/index.php?rest_route=\/wp\/v2\/posts\/615\/revisions"}],"predecessor-version":[{"id":625,"href":"http:\/\/joelahtmemkk.ee\/index.php?rest_route=\/wp\/v2\/posts\/615\/revisions\/625"}],"wp:attachment":[{"href":"http:\/\/joelahtmemkk.ee\/index.php?rest_route=%2Fwp%2Fv2%2Fmedia&parent=615"}],"wp:term":[{"taxonomy":"category","embeddable":true,"href":"http:\/\/joelahtmemkk.ee\/index.php?rest_route=%2Fwp%2Fv2%2Fcategories&post=615"},{"taxonomy":"post_tag","embeddable":true,"href":"http:\/\/joelahtmemkk.ee\/index.php?rest_route=%2Fwp%2Fv2%2Ftags&post=615"}],"curies":[{"name":"wp","href":"https:\/\/api.w.org\/{rel}","templated":true}]}}