{"id":892,"date":"2016-11-29T13:27:30","date_gmt":"2016-11-29T11:27:30","guid":{"rendered":"http:\/\/joelahtmemkk.ee\/?p=892"},"modified":"2016-11-29T13:36:51","modified_gmt":"2016-11-29T11:36:51","slug":"joulukontserdid-2016","status":"publish","type":"post","link":"http:\/\/joelahtmemkk.ee\/?p=892","title":{"rendered":"J\u00f5ulukontserdid 2016"},"content":{"rendered":"<ul>\n<li><strong>L\u00a0 3. dets.<\/strong>\u00a0\u00f5p. A. Kase kandleklassi j\u00f5ulukontsert Tallinnas A. S\u00e4revi muuseumis kell 15.30<\/li>\n<li><strong>N \u00a08. dets.<\/strong>\u00a0J\u00f5el\u00e4htme MKK Neeme filiaali j\u00f5ulukontsert Neeme koolis kell 18.30<\/li>\n<li><strong>L 10. dets.<\/strong>\u00a0J\u00f5el\u00e4htme MKK \u00f5pilaste kontsert J\u00f5el\u00e4htme kirikus kell 12.00<\/li>\n<li><strong>T 13. dets.<\/strong>\u00a0J\u00f5el\u00e4htme MKK Kostivere filiaali j\u00f5ulukontsert Kostivere Kultuurim\u00f5isas kell 18.00<\/li>\n<li><strong>N 15. dets.<\/strong>\u00a0\u00f5p. V. L\u00e4\u00e4ne ja E. Vendti \u00f5pilaste kontsert Loo kooli aulas kell 18.30<\/li>\n<li><strong>R 16. dets.\u00a0<\/strong>J\u00f5el\u00e4htme MKK Loo filiaali klaveri- ja kitarriosakonna kontsert Loo Kultuurikeskuses kell 18.00<\/li>\n<li><strong>E 19. dets.<\/strong>\u00a0\u00f5p. A. Oidekivi, M. Kamariku ja H. Piusi \u00f5pilaste kontsert Loo Kultuurikeskuses kell 18.00<\/li>\n<\/ul>\n<p style=\"text-align: center;\"><a href=\"http:\/\/joelahtmemkk.ee\/wordpress\/wp-content\/uploads\/2016\/11\/joulu152.gif\"><img loading=\"lazy\" decoding=\"async\" class=\"alignnone size-full wp-image-898\" src=\"http:\/\/joelahtmemkk.ee\/wordpress\/wp-content\/uploads\/2016\/11\/joulu152.gif\" alt=\"joulu152\" width=\"259\" height=\"275\" \/><\/a><\/p>\n","protected":false},"excerpt":{"rendered":"<p>L\u00a0 3. dets.\u00a0\u00f5p. A. Kase kandleklassi j\u00f5ulukontsert Tallinnas A. S\u00e4revi muuseumis kell 15.30 N \u00a08. dets.\u00a0J\u00f5el\u00e4htme MKK Neeme filiaali j\u00f5ulukontsert Neeme koolis kell 18.30 L 10. dets.\u00a0J\u00f5el\u00e4htme MKK \u00f5pilaste kontsert J\u00f5el\u00e4htme kirikus kell 12.00 T 13. dets.\u00a0J\u00f5el\u00e4htme MKK Kostivere filiaali j\u00f5ulukontsert Kostivere Kultuurim\u00f5isas kell 18.00 N 15. dets.\u00a0\u00f5p. V. L\u00e4\u00e4ne ja E. Vendti \u00f5pilaste kontsert Loo kooli aulas kell 18.30 R 16. dets.\u00a0J\u00f5el\u00e4htme MKK Loo filiaali klaveri- ja kitarriosakonna kontsert Loo Kultuurikeskuses kell 18.00 E 19. dets.\u00a0\u00f5p. A. Oidekivi, M. Kamariku ja H. Piusi \u00f5pilaste kontsert Loo Kultuurikeskuses kell 18.00<\/p>\n","protected":false},"author":3,"featured_media":0,"comment_status":"closed","ping_status":"closed","sticky":false,"template":"","format":"standard","meta":{"footnotes":""},"categories":[1],"tags":[],"class_list":["post-892","post","type-post","status-publish","format-standard","hentry","category-maaratlemata"],"_links":{"self":[{"href":"http:\/\/joelahtmemkk.ee\/index.php?rest_route=\/wp\/v2\/posts\/892","targetHints":{"allow":["GET"]}}],"collection":[{"href":"http:\/\/joelahtmemkk.ee\/index.php?rest_route=\/wp\/v2\/posts"}],"about":[{"href":"http:\/\/joelahtmemkk.ee\/index.php?rest_route=\/wp\/v2\/types\/post"}],"author":[{"embeddable":true,"href":"http:\/\/joelahtmemkk.ee\/index.php?rest_route=\/wp\/v2\/users\/3"}],"replies":[{"embeddable":true,"href":"http:\/\/joelahtmemkk.ee\/index.php?rest_route=%2Fwp%2Fv2%2Fcomments&post=892"}],"version-history":[{"count":8,"href":"http:\/\/joelahtmemkk.ee\/index.php?rest_route=\/wp\/v2\/posts\/892\/revisions"}],"predecessor-version":[{"id":901,"href":"http:\/\/joelahtmemkk.ee\/index.php?rest_route=\/wp\/v2\/posts\/892\/revisions\/901"}],"wp:attachment":[{"href":"http:\/\/joelahtmemkk.ee\/index.php?rest_route=%2Fwp%2Fv2%2Fmedia&parent=892"}],"wp:term":[{"taxonomy":"category","embeddable":true,"href":"http:\/\/joelahtmemkk.ee\/index.php?rest_route=%2Fwp%2Fv2%2Fcategories&post=892"},{"taxonomy":"post_tag","embeddable":true,"href":"http:\/\/joelahtmemkk.ee\/index.php?rest_route=%2Fwp%2Fv2%2Ftags&post=892"}],"curies":[{"name":"wp","href":"https:\/\/api.w.org\/{rel}","templated":true}]}}